{"id":19420,"date":"2025-04-12T08:23:24","date_gmt":"2025-04-12T08:23:24","guid":{"rendered":"https:\/\/www.europesays.com\/fr\/19420\/"},"modified":"2025-04-12T08:23:24","modified_gmt":"2025-04-12T08:23:24","slug":"a-rennes-le-roller-artistique-fait-son-show-au-gymnase-de-beauregard-sport","status":"publish","type":"post","link":"https:\/\/www.europesays.com\/fr\/19420\/","title":{"rendered":"\u00c0 Rennes, le roller artistique fait son show au gymnase de Beauregard . Sport"},"content":{"rendered":"<p>Jusqu\u2019\u00e0 dimanche 13 avril 2025, le public pourra d\u00e9couvrir les meilleurs athl\u00e8tes fran\u00e7ais du roller artistique au gymnase de Beauregard. Pendant tout ce week-end, ils vont se r\u00e9v\u00e9ler dans des performances techniques et artistiques, avec comme objectif la qualification \u00e0 la finale nationale qui aura lieu \u00e0 Reims (Marne), d\u00e9but juillet.<\/p>\n<p>Une centaine de patineurs attendus<\/p>\n<p>Une centaine de patineurs venus de toute la France sont attendus. Ils vont encha\u00eener sauts, pirouettes et chor\u00e9graphies. Les champions locaux du Roller artistique Ille-et-Vilaine (Raiv) esp\u00e8rent d\u00e9crocher leur qualification. <strong>\u00ab\u00a0Sept de nos patineurs seront pr\u00e9sents, dans huit cat\u00e9gories. Certains d\u2019entre eux cumulent d\u00e9j\u00e0 plusieurs titres de champions de France.\u00a0\u00bb<\/strong><\/p>\n<p><strong>Lire aussi.<\/strong> <a href=\"https:\/\/www.ouest-france.fr\/sport\/roller\/video-les-gens-d-ouest-gabriele-et-alexandre-des-champions-du-roller-artistique-f39aae8d-ed29-444a-83d3-3691e48f2714\" target=\"_blank\" rel=\"noopener\">\u00a0Gabri\u00e8le et Alexandre, des champions du roller artistique<\/a><\/p>\n<p>Parmi eux, Alexandre Leguen, champion de France junior (il \u00e9voluera et sera en couple avec Gabri\u00e8le Sanchez), Justine Lirot et Chlo\u00e9 Beddiar, Aliya Drici, Matt B\u00e9nard, Lucie James et Gabri\u00e8le Sanchez.<\/p>\n<p>Un \u00e9quipement sportif d\u2019envergure<\/p>\n<p>Le choix pour les comp\u00e9titions s\u2019est port\u00e9 sur<a href=\"https:\/\/rennes.maville.com\/actu\/actudet_-rennes.-le-quartier-de-beauregard-a-un-nouveau-gymnase-_52674-5557303_actu.Htm\" target=\"_blank\" rel=\"noopener\"> le gymnase de Beauregard.<\/a>\u00a0<strong>\u00ab\u00a0Inaugur\u00e9 en 2022, c\u2019est le dernier \u00e9quipement sportif d\u2019envergure construit par la Ville.\u00a0\u00bb<\/strong> Construit sur deux niveaux, il offre une surface totale de pr\u00e8s de 2\u00a0400\u00a0m\u00b2. Avec un plateau sportif en parquet de haute qualit\u00e9 de 1\u00a0208\u00a0m\u00b2, il r\u00e9pond \u00e0 l\u2019ensemble des caract\u00e9ristiques n\u00e9cessaires \u00e0 l\u2019organisation de comp\u00e9titions de roller artistique de tous niveaux.<\/p>\n<p>Le complexe sportif comprend \u00e9galement quatre vestiaires pour les joueurs et deux autres pour les arbitres. C\u00f4t\u00e9 accueil spectateurs, sa capacit\u00e9 est pr\u00e9vue pour recevoir 390\u00a0personnes. Le lieu dispose aussi de nombreux espaces annexes\u00a0: un espace de convivialit\u00e9 et de r\u00e9ception de 120\u00a0m\u00b2 avec une vue sur le gymnase et des terrasses en ext\u00e9rieur.<\/p>\n<p><strong>Vendredi\u00a011, samedi 12 et dimanche 13\u00a0avril 2025,<\/strong> au gymnase de Beauregard, avenue Andr\u00e9-Malraux, \u00e0 Rennes. Ouvert chaque jour au public \u00e0 partir de 9\u00a0h. Tarifs\u00a0: 5\u00a0\u20ac par jour, gratuit pour les moins de 10\u00a0ans.<\/p>\n<p>\u00a0<\/p>\n","protected":false},"excerpt":{"rendered":"Jusqu\u2019\u00e0 dimanche 13 avril 2025, le public pourra d\u00e9couvrir les meilleurs athl\u00e8tes fran\u00e7ais du roller artistique au gymnase&hellip;\n","protected":false},"author":2,"featured_media":19421,"comment_status":"","ping_status":"","sticky":false,"template":"","format":"standard","meta":{"footnotes":""},"categories":[2821],"tags":[1111,11,3809,1465,829,1777,674,63,1011,27,1792,1922,2047,12,584,25,479,517,1470],"class_list":{"0":"post-19420","1":"post","2":"type-post","3":"status-publish","4":"format-standard","5":"has-post-thumbnail","7":"category-rennes","8":"tag-actu","9":"tag-actualites","10":"tag-ball","11":"tag-basket","12":"tag-bretagne","13":"tag-eu","14":"tag-europe","15":"tag-football","16":"tag-fr","17":"tag-france","18":"tag-handball","19":"tag-info","20":"tag-mans","21":"tag-news","22":"tag-rennes","23":"tag-republique-francaise","24":"tag-rugby","25":"tag-sport","26":"tag-volley"},"share_on_mastodon":{"url":"https:\/\/pubeurope.com\/@fr\/114324032945397727","error":""},"_links":{"self":[{"href":"https:\/\/www.europesays.com\/fr\/wp-json\/wp\/v2\/posts\/19420","targetHints":{"allow":["GET"]}}],"collection":[{"href":"https:\/\/www.europesays.com\/fr\/wp-json\/wp\/v2\/posts"}],"about":[{"href":"https:\/\/www.europesays.com\/fr\/wp-json\/wp\/v2\/types\/post"}],"author":[{"embeddable":true,"href":"https:\/\/www.europesays.com\/fr\/wp-json\/wp\/v2\/users\/2"}],"replies":[{"embeddable":true,"href":"https:\/\/www.europesays.com\/fr\/wp-json\/wp\/v2\/comments?post=19420"}],"version-history":[{"count":0,"href":"https:\/\/www.europesays.com\/fr\/wp-json\/wp\/v2\/posts\/19420\/revisions"}],"wp:featuredmedia":[{"embeddable":true,"href":"https:\/\/www.europesays.com\/fr\/wp-json\/wp\/v2\/media\/19421"}],"wp:attachment":[{"href":"https:\/\/www.europesays.com\/fr\/wp-json\/wp\/v2\/media?parent=19420"}],"wp:term":[{"taxonomy":"category","embeddable":true,"href":"https:\/\/www.europesays.com\/fr\/wp-json\/wp\/v2\/categories?post=19420"},{"taxonomy":"post_tag","embeddable":true,"href":"https:\/\/www.europesays.com\/fr\/wp-json\/wp\/v2\/tags?post=19420"}],"curies":[{"name":"wp","href":"https:\/\/api.w.org\/{rel}","templated":true}]}}