{"id":194204,"date":"2025-06-21T19:56:08","date_gmt":"2025-06-21T19:56:08","guid":{"rendered":"https:\/\/www.europesays.com\/fr\/194204\/"},"modified":"2025-06-21T19:56:08","modified_gmt":"2025-06-21T19:56:08","slug":"comment-reconnaitre-une-piqure-de-moustique-tigre-ces-symptomes-qui-doivent-vous-alerter","status":"publish","type":"post","link":"https:\/\/www.europesays.com\/fr\/194204\/","title":{"rendered":"Comment reconna\u00eetre une piq\u00fbre de moustique tigre ? Ces sympt\u00f4mes qui doivent vous alerter"},"content":{"rendered":"<p>            Par<br \/>\n        <strong><br \/>\n            <a href=\"https:\/\/actu.fr\/auteur\/redaction-actu\" title=\"Consulter tous les articles de R\u00e9daction Actu\" rel=\"nofollow noopener\" target=\"_blank\">R\u00e9daction Actu<\/a><br \/>\n        <\/strong><\/p>\n<p>        Publi\u00e9 le<\/p>\n<p>            21 juin 2025 \u00e0 19h12        <\/p>\n<p>C\u2019est une r\u00e9alit\u00e9 depuis un petit bout de temps. Mais, beaux jours obligent, en cette mi-juin 2025, nombre de Fran\u00e7ais commencent \u00e0 le r\u00e9aliser : <a href=\"https:\/\/actu.fr\/planete\/biodiversite\/le-moustique-tigre-a-colonise-toute-la-france-voici-comment-s-en-debarrasser-ou-limiter-sa-presence_60931621.html\" rel=\"nofollow noopener\" target=\"_blank\">le moustique tigre a colonis\u00e9 l\u2019enti\u00e8ret\u00e9 du territoire<\/a> m\u00e9tropolitain.\u00a0<\/p>\n<p class=\" wall-content\">Et avec lui, son lot de probl\u00e8mes. Car l\u2019insecte est connu pour transmettre un tas de maladies tropicales particuli\u00e8rement dangereuses pour l\u2019\u00eatre humain. On peut citer la dengue, le chikungunya, la fi\u00e8vre jaune ou encore, Zika. Des maladies potentiellement mortelles, qui ont r\u00e9cemment touch\u00e9 deux personnes <a href=\"https:\/\/actu.fr\/occitanie\/prades-le-lez_34217\/pres-de-montpellier-moustique-tigre-un-cas-de-chikungunya-autochtone-signale-a-prades-le-lez_62778358.html\" rel=\"nofollow noopener\" target=\"_blank\">dans l\u2019He\u0301rault<\/a>\u00a0et\u00a0<a href=\"https:\/\/actu.fr\/provence-alpes-cote-d-azur\/la-crau_83047\/var-le-premier-cas-autochtone-de-chikungunya-en-metropole-a-ete-detecte-dans-cette-ville_62778718.html\" rel=\"nofollow noopener\" target=\"_blank\">dans le Var<\/a>.<\/p>\n<p>Comment reconna\u00eetre une piq\u00fbre de moustique tigre ?\u00a0<\/p>\n<p class=\" wall-content\">\u00ab\u00a0Sa piq\u00fbre est en g\u00e9n\u00e9ral <strong>plus douloureuse et d\u00e9mange plus longtemps<\/strong> que celles des autres moustiques. Le <strong>bouton sera plus gros<\/strong> et se verra donc plus\u00a0\u00bb, peut-on lire sur le <a href=\"https:\/\/www.auvergne-rhone-alpes.ars.sante.fr\/moustique-tigre-ce-quil-faut-savoir-sur-lui#:~:text=Dans%20le%20cas%20du%20moustique,et%20se%20verra%20donc%20plus.\" rel=\"nofollow noopener\" target=\"_blank\">site de l\u2019Agence r\u00e9gionale de sant\u00e9 (ARS) de l\u2019Auvergne-Rh\u00f4ne-Alpes<\/a>.\u00a0<\/p>\n<p class=\" wall-content\">Autrement dit, on peut grossi\u00e8rement r\u00e9sumer en disant que le <a href=\"https:\/\/actu.fr\/tag\/moustique-tigre\" rel=\"nofollow noopener\" target=\"_blank\">moustique tigre<\/a> pique plus fort que le moustique classique.\u00a0<\/p>\n<p class=\" wall-content\">En cas de piq\u00fbre, pas d\u2019inqui\u00e9tude imm\u00e9diate : le bouton partira naturellement au bout de quelques jours, et les d\u00e9mangeaisons dispara\u00eetront avec lui.\u00a0<\/p>\n<p>Vid\u00e9os : en ce moment sur Actu<\/p>\n<p class=\" wall-content\">Cela dit, il faut \u00eatre particuli\u00e8rement vigilant concernant les maladies tropicales.\u00a0<\/p>\n<p>Des morts du chikungunya \u00e0 La R\u00e9union<\/p>\n<p class=\" wall-content\">Parmi ces maladies tropicales, on parle souvent du <strong>chikungunya<\/strong>, asymptomatique dans 10 \u00e0 40 % des cas selon <a href=\"http:\/\/santepubliquefrance.fr\/maladies-et-traumatismes\/maladies-a-transmission-vectorielle\/chikungunya\/la-maladie\/#tabs\" rel=\"nofollow noopener\" target=\"_blank\">Sant\u00e9 publique France (SPF)<\/a>. L\u2019incubation dure de 3 \u00e0 7 jours, et sympt\u00f4mes et complications peuvent \u00eatre graves. P\u00eale-m\u00eale, on retrouve de la fi\u00e8vre, des frissons, des maux de t\u00eate, des naus\u00e9es, des vomissements, des douleurs articulaires et musculaires et, de fa\u00e7on inconstante, des \u00e9ruptions cutan\u00e9es.\u00a0<\/p>\n<p class=\" wall-content\">Il faut aussi ajouter des douleurs articulaires intenses aux extr\u00e9mit\u00e9s (poignets, chevilles, phalanges).<\/p>\n<p class=\" wall-content\">D\u2019ailleurs, \u00ab\u00a0le mot chikungunya provient d\u2019un dialecte africain de Tanzanie o\u00f9 ce virus a \u00e9t\u00e9 d\u00e9couvert \u00e0 la fin des ann\u00e9es 1950 et qui signifierait \u00ab marcher courb\u00e9 \u00bb en raison des douleurs musculaires et articulaires provoqu\u00e9es par l\u2019infection\u00a0\u00bb, explique \u00e0 actu.fr Antoine Flahault, \u00e9pid\u00e9miologiste et directeur de l\u2019Institut de sant\u00e9 globale de l\u2019Universit\u00e9 de Gen\u00e8ve, par ailleurs auteur du livre <a href=\"https:\/\/www.lisez.com\/livre-grand-format\/prevenez-moi-une-meilleure-sante-a-tout-age\/9782221274057\" rel=\"nofollow noopener\" target=\"_blank\">Pr\u00e9venez-moi !<\/a>.<\/p>\n<p class=\" wall-content\">Le chikungunya (comme la dengue) peut, dans les pires cas, conduire \u00e0 des h\u00e9morragies pouvant \u00ab mettre en jeu le pronostic vital \u00bb. Et il n\u2019y a pas de traitement sp\u00e9cifique \u00e0 ce jour. En date 28\u202f mai\u202f 2025, <strong>15 d\u00e9c\u00e8s ont \u00e9t\u00e9 confirm\u00e9s comme \u00e9tant li\u00e9s au chikungunya,<\/strong> sur l\u2019\u00eele de La R\u00e9union.<\/p>\n<p>Mais aussi dengue et Zika<\/p>\n<p class=\" wall-content\">\u00a0La <strong>dengue<\/strong>, elle, \u00ab est asymptomatique dans 50 \u00e0 90 % des cas (pourcentage variable selon les \u00e9pid\u00e9mies) \u00bb, explique\u00a0<a href=\"https:\/\/www.santepubliquefrance.fr\/maladies-et-traumatismes\/maladies-a-transmission-vectorielle\/dengue\" rel=\"nofollow noopener\" target=\"_blank\">SPF<\/a>. \u00ab\u00a0Pour les 50 \u00e0 10 % de personnes infect\u00e9es qui pr\u00e9sentent des sympt\u00f4mes, l\u2019incubation dure en moyenne 4 \u00e0 7 jours\u00a0\u00bb.<\/p>\n<p class=\" wall-content\">On retrouve les m\u00eames sympt\u00f4mes et complications que pour le chikungunya, sans les douleurs articulaires intenses aux extr\u00e9mit\u00e9s.<\/p>\n<p class=\" wall-content\">Enfin, le\u00a0virus <strong>Zika<\/strong>\u00a0provoque des sympt\u00f4mes chez 50 \u00e0 80 % des gens touch\u00e9s, comme l\u2019explique\u00a0<a href=\"https:\/\/www.santepubliquefrance.fr\/maladies-et-traumatismes\/maladies-a-transmission-vectorielle\/zika\/la-maladie\/#tabs\" rel=\"nofollow noopener\" target=\"_blank\">Sant\u00e9 publique France.<\/a>\u00a0Ces derniers sont des \u00e9ruptions cutan\u00e9es, de la fi\u00e8vre, voire une conjonctivite, en plus des douleurs musculaires et articulaires, des maux de t\u00eate et des douleurs r\u00e9tro-orbitaires.<\/p>\n<p class=\" wall-content\">\u00ab\u00a0Ces signes durent quelques jours puis disparaissent spontan\u00e9ment\u00a0\u00bb, note SPF.\u00a0Ce dernier peut \u00e9galement \u00eatre transmis\u00a0par voie sexuelle.\u00a0<\/p>\n<p class=\" wall-content\">Suivez toute l\u2019actualit\u00e9 de vos villes et m\u00e9dias favoris en vous inscrivant \u00e0 <a href=\"https:\/\/moncompte.actu.fr\" title=\"D\u00e9couvez Mon Actu\" rel=\"nofollow noopener\" data-trk=\"{&quot;cta&quot;:{&quot;action&quot;:&quot;https:\\\/\\\/moncompte.actu.fr&quot;,&quot;category&quot;:&quot;mon compte&quot;,&quot;from&quot;:&quot;article footer&quot;,&quot;name&quot;:&quot;Mon actu&quot;,&quot;type&quot;:&quot;cta&quot;}}\" target=\"_blank\">Mon Actu<\/a>.<\/p>\n","protected":false},"excerpt":{"rendered":"Par R\u00e9daction Actu Publi\u00e9 le 21 juin 2025 \u00e0 19h12 C\u2019est une r\u00e9alit\u00e9 depuis un petit bout de&hellip;\n","protected":false},"author":2,"featured_media":194205,"comment_status":"","ping_status":"","sticky":false,"template":"","format":"standard","meta":{"footnotes":""},"categories":[10],"tags":[1011,27,72,2856,71,104],"class_list":{"0":"post-194204","1":"post","2":"type-post","3":"status-publish","4":"format-standard","5":"has-post-thumbnail","7":"category-sante","8":"tag-fr","9":"tag-france","10":"tag-health","11":"tag-moustique-tigre","12":"tag-sante","13":"tag-societe"},"share_on_mastodon":{"url":"https:\/\/pubeurope.com\/@fr\/114723119665663840","error":""},"_links":{"self":[{"href":"https:\/\/www.europesays.com\/fr\/wp-json\/wp\/v2\/posts\/194204","targetHints":{"allow":["GET"]}}],"collection":[{"href":"https:\/\/www.europesays.com\/fr\/wp-json\/wp\/v2\/posts"}],"about":[{"href":"https:\/\/www.europesays.com\/fr\/wp-json\/wp\/v2\/types\/post"}],"author":[{"embeddable":true,"href":"https:\/\/www.europesays.com\/fr\/wp-json\/wp\/v2\/users\/2"}],"replies":[{"embeddable":true,"href":"https:\/\/www.europesays.com\/fr\/wp-json\/wp\/v2\/comments?post=194204"}],"version-history":[{"count":0,"href":"https:\/\/www.europesays.com\/fr\/wp-json\/wp\/v2\/posts\/194204\/revisions"}],"wp:featuredmedia":[{"embeddable":true,"href":"https:\/\/www.europesays.com\/fr\/wp-json\/wp\/v2\/media\/194205"}],"wp:attachment":[{"href":"https:\/\/www.europesays.com\/fr\/wp-json\/wp\/v2\/media?parent=194204"}],"wp:term":[{"taxonomy":"category","embeddable":true,"href":"https:\/\/www.europesays.com\/fr\/wp-json\/wp\/v2\/categories?post=194204"},{"taxonomy":"post_tag","embeddable":true,"href":"https:\/\/www.europesays.com\/fr\/wp-json\/wp\/v2\/tags?post=194204"}],"curies":[{"name":"wp","href":"https:\/\/api.w.org\/{rel}","templated":true}]}}