{"id":194208,"date":"2025-06-21T19:58:09","date_gmt":"2025-06-21T19:58:09","guid":{"rendered":"https:\/\/www.europesays.com\/fr\/194208\/"},"modified":"2025-06-21T19:58:09","modified_gmt":"2025-06-21T19:58:09","slug":"premiere-apparition-diris-mittenaere-et-antoine-dupont-apres-la-polemique-plus-soudes-que-jamais","status":"publish","type":"post","link":"https:\/\/www.europesays.com\/fr\/194208\/","title":{"rendered":"Premi\u00e8re apparition d\u2019Iris Mittenaere et Antoine Dupont apr\u00e8s la pol\u00e9mique, plus soud\u00e9s que jamais"},"content":{"rendered":"<p>Que se passe-t-il r\u00e9ellement dans la vie de Miss France 2016\u00a0? La jeune femme \u00e9tait invit\u00e9e ce week-end \u00e0 l\u2019inauguration de la boutique d\u2019une c\u00e9l\u00e8bre marque d\u2019horlogerie de luxe \u00e0 Saint-Tropez, en compagnie du rugbyman.<\/p>\n<p class=\"fig-paragraph\">Une officialisation dans la tourmente\u00a0? L\u2019ancienne Miss France et Miss Univers,\u00a0<a href=\"https:\/\/www.lefigaro.fr\/tag\/iris-mittenaere\" target=\"_blank\" rel=\"noopener\" data-gtm-custom-categorie=\"navigation\" data-gtm-custom-action=\"crossclick\" data-gtm-custom-label=\"Contextuel\" data-gtm-event=\"customEventSPE\">Iris Mittenaere<\/a>, est depuis quelques semaines la cible d\u2019un certain nombre d\u2019indiscr\u00e9tions &#8211; tromperies et mensonges -, entre autres sur sa vie sentimentale. Et si la jeune femme de 32 ans a farouchement ni\u00e9 ces all\u00e9gations dans un communiqu\u00e9 officiel publi\u00e9 le 12 juin dernier, elle ne s\u2019\u00e9tait plus montr\u00e9e en public ou sur les r\u00e9seaux sociaux depuis.<\/p>\n<p class=\"fig-paragraph\">Hormis quelques photos de son chien, Calypso, post\u00e9es en story de son compte Instagram, Iris Mittenaere s\u2019\u00e9tait faite particuli\u00e8rement discr\u00e8te. Et c\u2019est \u00e0 Saint-Tropez, en compagnie du capitaine du XV de France\u00a0<a href=\"https:\/\/www.lefigaro.fr\/tag\/antoine-dupont\" target=\"_blank\" rel=\"noopener\" data-gtm-custom-categorie=\"navigation\" data-gtm-custom-action=\"crossclick\" data-gtm-custom-label=\"Contextuel\" data-gtm-event=\"customEventSPE\">Antoine Dupont<\/a>, qu\u2019elle a d\u00e9cid\u00e9 de r\u00e9appara\u00eetre pour la premi\u00e8re fois. En effet, le duo &#8211; qui alimente toutes les rumeurs de couple ces derniers mois &#8211; \u00e9tait invit\u00e9 dans la ville de la C\u00f4te d\u2019Azur par la marque d\u2019horlogerie de luxe Audemars Piguet.<\/p>\n<p class=\"fig-body-link\">\n            \u00c0 lire aussi<br \/>\n        <a class=\"fig-body-link__link\" href=\"http:\/\/tvmag.lefigaro.fr\/programme-tv\/people\/il-est-temps-que-cela-cesse-iris-mittenaere-reagit-aux-accusations-de-tromperie-et-mensonges-20250612\" target=\"_blank\" data-fig-type=\"Article\" rel=\"noopener\" data-gtm-custom-categorie=\"navigation\" data-gtm-custom-action=\"crossclick\" data-gtm-custom-label=\"Contextuel\" data-gtm-event=\"customEventSPE\" data-fig-domain=\"TVMAG\">\u00abIl est temps que cela cesse\u00bb\u00a0: Iris Mittenaere r\u00e9agit aux accusations de tromperies et mensonges<br \/>\n    <\/a>\n<\/p>\n<p class=\"fig-paragraph\">Apr\u00e8s avoir \u00e9t\u00e9 saisis par l\u2019objectif de nos confr\u00e8res de Paris Match \u00e0 leur sortie d\u2019un van, les deux jeunes gens &#8211; accompagn\u00e9s du teckel Calypso &#8211; ont \u00e9t\u00e9 aper\u00e7us en plein match sur le court du Tennis Club de Saint-Tropez. Et au-del\u00e0 d\u2019une potentielle officialisation, cette apparition en public en duo pourrait avoir une grande signification au vu du contexte actuel. De cette mani\u00e8re-l\u00e0, Antoine Dupont pourrait t\u00e9moigner son soutien aupr\u00e8s de la jeune femme apr\u00e8s la pol\u00e9mique.<\/p>\n<p class=\"fig-paragraph\">Pour rappel, le blogueur Aqababe pr\u00eaterait des aventures extraconjugales \u00e0 la cr\u00e9atrice de contenu tant durant ses fian\u00e7ailles avec Diego El Glaoui &#8211; qu\u2019elle aurait tromp\u00e9 durant quatre mois avec l\u2019influenceur Valentin Lucas puis avec l\u2019humoriste Paul Mirabel &#8211; que durant son idylle avec Bruno Pelat,\u00a0<a href=\"http:\/\/tvmag.lefigaro.fr\/programme-tv\/people\/bruno-pelat-l-ex-compagnon-d-iris-mittenaere-condamne-a-un-an-de-prison-dont-six-mois-ferme-20241107\" target=\"_blank\" data-fig-type=\"Article\" rel=\"noopener\" data-gtm-custom-categorie=\"navigation\" data-gtm-custom-action=\"crossclick\" data-gtm-custom-label=\"Contextuel\" data-gtm-event=\"customEventSPE\" data-fig-domain=\"TVMAG\">son ex-accus\u00e9 de violences \u00e0 son \u00e9gard,.\u00a0<\/a>Toujours selon le blogueur, la jeune femme aurait tent\u00e9 de recontacter celui contre qui elle aurait port\u00e9 plainte et aurait poursuivi une relation, comme le prouverait une vid\u00e9o des deux jeunes gens, alors m\u00eame qu\u2019une mesure d\u2019\u00e9loignement avait \u00e9t\u00e9 \u00e9mise.<\/p>\n<p class=\"fig-paragraph\">\u00abDepuis plusieurs jours, je fais l\u2019objet d\u2019une campagne de haine et de diffamation sur les r\u00e9seaux sociaux. Des propos mensongers, volontairement d\u00e9form\u00e9s ou sortis de leur contexte ont \u00e9t\u00e9 relay\u00e9s pour tenter de nuire \u00e0 mon image, \u00e0 ma parole et \u00e0 mon engagement\u00bb, avait r\u00e9agi Iris Mittenaere dans un communiqu\u00e9 en ajoutant\u00a0: \u00abJe ne suis pas la seule dans ce cas. Comme trop d\u2019autres femmes, je constate \u00e0 quel point la calomnie, le harc\u00e8lement et la manipulation sont devenus des outils de pression en ligne. Il est temps que cela cesse.\u00bb<\/p>\n","protected":false},"excerpt":{"rendered":"Que se passe-t-il r\u00e9ellement dans la vie de Miss France 2016\u00a0? La jeune femme \u00e9tait invit\u00e9e ce week-end&hellip;\n","protected":false},"author":2,"featured_media":194209,"comment_status":"","ping_status":"","sticky":false,"template":"","format":"standard","meta":{"footnotes":""},"categories":[8],"tags":[33312,33313,514,33308,33310,58,33307,59,33314,1011,27,7308,3034,12664,33309,33311,27042,30091],"class_list":{"0":"post-194208","1":"post","2":"type-post","3":"status-publish","4":"format-standard","5":"has-post-thumbnail","7":"category-divertissement","8":"tag-actu-miss-france","9":"tag-actualite-miss-france","10":"tag-antoine-dupont","11":"tag-candidates-miss-france","12":"tag-concours-miss-france","13":"tag-divertissement","14":"tag-election-miss-france","15":"tag-entertainment","16":"tag-favorite-miss-france","17":"tag-fr","18":"tag-france","19":"tag-iris-mittenaere","20":"tag-miss-france","21":"tag-miss-france-2025","22":"tag-miss-france-favorite","23":"tag-miss-france-palmares","24":"tag-miss-monde","25":"tag-miss-univers"},"share_on_mastodon":{"url":"https:\/\/pubeurope.com\/@fr\/114723127489339266","error":""},"_links":{"self":[{"href":"https:\/\/www.europesays.com\/fr\/wp-json\/wp\/v2\/posts\/194208","targetHints":{"allow":["GET"]}}],"collection":[{"href":"https:\/\/www.europesays.com\/fr\/wp-json\/wp\/v2\/posts"}],"about":[{"href":"https:\/\/www.europesays.com\/fr\/wp-json\/wp\/v2\/types\/post"}],"author":[{"embeddable":true,"href":"https:\/\/www.europesays.com\/fr\/wp-json\/wp\/v2\/users\/2"}],"replies":[{"embeddable":true,"href":"https:\/\/www.europesays.com\/fr\/wp-json\/wp\/v2\/comments?post=194208"}],"version-history":[{"count":0,"href":"https:\/\/www.europesays.com\/fr\/wp-json\/wp\/v2\/posts\/194208\/revisions"}],"wp:featuredmedia":[{"embeddable":true,"href":"https:\/\/www.europesays.com\/fr\/wp-json\/wp\/v2\/media\/194209"}],"wp:attachment":[{"href":"https:\/\/www.europesays.com\/fr\/wp-json\/wp\/v2\/media?parent=194208"}],"wp:term":[{"taxonomy":"category","embeddable":true,"href":"https:\/\/www.europesays.com\/fr\/wp-json\/wp\/v2\/categories?post=194208"},{"taxonomy":"post_tag","embeddable":true,"href":"https:\/\/www.europesays.com\/fr\/wp-json\/wp\/v2\/tags?post=194208"}],"curies":[{"name":"wp","href":"https:\/\/api.w.org\/{rel}","templated":true}]}}