{"id":194210,"date":"2025-06-21T19:59:10","date_gmt":"2025-06-21T19:59:10","guid":{"rendered":"https:\/\/www.europesays.com\/fr\/194210\/"},"modified":"2025-06-21T19:59:10","modified_gmt":"2025-06-21T19:59:10","slug":"les-7-pires-habitudes-numeriques-que-jai-enfin-abandonnees-pour-proteger-mes-donnees","status":"publish","type":"post","link":"https:\/\/www.europesays.com\/fr\/194210\/","title":{"rendered":"Les 7 pires habitudes num\u00e9riques que j\u2019ai (enfin) abandonn\u00e9es pour prot\u00e9ger mes donn\u00e9es"},"content":{"rendered":"<p class=\"sc-29e2a271-0 jjhUrQ\">C\u2019est sans doute la croyance la plus tenace, et la plus confortable : penser que les fuites de donn\u00e9es et autres cyberattaques ne concernent que les autres. Ceux qui manipulent de l\u2019argent et des cryptomonnaies, ou qui s&rsquo;exposent un peu trop sur les r\u00e9seaux. Il est ainsi assez facile de se croire \u00ab\u00a0hors du radar\u00a0\u00bb.<\/p>\n<p>Mais ce que j\u2019ai fini par comprendre, c\u2019est que la menace ne cible pas uniquement des profils, elle cible des vuln\u00e9rabilit\u00e9s. Et nous en avons tous. Il suffit d\u2019un service tiers compromis, d\u2019un clic sur un lien v\u00e9rol\u00e9, d\u2019un compte oubli\u00e9 pour devenir la prochaine victime d\u2019un piratage. La majorit\u00e9 des attaques aujourd\u2019hui sont automatis\u00e9es, silencieuses, sans visage. Elles ne cherchent pas une personne en particulier, mais une porte entrouverte, un verrou mal pos\u00e9.<\/p>\n<p>En cybers\u00e9curit\u00e9, l\u2019inaction est une faille en soi. Et croire que l\u2019on est \u00e0 l\u2019abri, c\u2019est justement ce qui rend vuln\u00e9rable. Adopter de meilleures habitudes, ce n\u2019est pas c\u00e9der \u00e0 la peur, c\u2019est simplement s\u2019adapter \u00e0 un monde o\u00f9 notre vie num\u00e9rique vaut autant que nos cl\u00e9s, notre portefeuille ou notre identit\u00e9.<\/p>\n<p>Finalement, ces sept habitudes que j\u2019ai abandonn\u00e9es n\u2019\u00e9taient pas des mesures exceptionnelles, mais des r\u00e9flexes de base. Des gestes simples, concrets, que chacun peut mettre en place \u2014 non pas pour tout verrouiller, mais pour reprendre un peu de contr\u00f4le. Parce que dans un environnement connect\u00e9, ne rien faire, c\u2019est d\u00e9j\u00e0 prendre un risque.<\/p>\n","protected":false},"excerpt":{"rendered":"C\u2019est sans doute la croyance la plus tenace, et la plus confortable : penser que les fuites de&hellip;\n","protected":false},"author":2,"featured_media":194211,"comment_status":"","ping_status":"","sticky":false,"template":"","format":"standard","meta":{"footnotes":""},"categories":[7],"tags":[1011,27,43,40,41,39,42,44],"class_list":{"0":"post-194210","1":"post","2":"type-post","3":"status-publish","4":"format-standard","5":"has-post-thumbnail","7":"category-sciences-et-technologies","8":"tag-fr","9":"tag-france","10":"tag-science","11":"tag-science-and-technology","12":"tag-sciences","13":"tag-sciences-et-technologies","14":"tag-technologies","15":"tag-technology"},"share_on_mastodon":{"url":"https:\/\/pubeurope.com\/@fr\/114723131495572403","error":""},"_links":{"self":[{"href":"https:\/\/www.europesays.com\/fr\/wp-json\/wp\/v2\/posts\/194210","targetHints":{"allow":["GET"]}}],"collection":[{"href":"https:\/\/www.europesays.com\/fr\/wp-json\/wp\/v2\/posts"}],"about":[{"href":"https:\/\/www.europesays.com\/fr\/wp-json\/wp\/v2\/types\/post"}],"author":[{"embeddable":true,"href":"https:\/\/www.europesays.com\/fr\/wp-json\/wp\/v2\/users\/2"}],"replies":[{"embeddable":true,"href":"https:\/\/www.europesays.com\/fr\/wp-json\/wp\/v2\/comments?post=194210"}],"version-history":[{"count":0,"href":"https:\/\/www.europesays.com\/fr\/wp-json\/wp\/v2\/posts\/194210\/revisions"}],"wp:featuredmedia":[{"embeddable":true,"href":"https:\/\/www.europesays.com\/fr\/wp-json\/wp\/v2\/media\/194211"}],"wp:attachment":[{"href":"https:\/\/www.europesays.com\/fr\/wp-json\/wp\/v2\/media?parent=194210"}],"wp:term":[{"taxonomy":"category","embeddable":true,"href":"https:\/\/www.europesays.com\/fr\/wp-json\/wp\/v2\/categories?post=194210"},{"taxonomy":"post_tag","embeddable":true,"href":"https:\/\/www.europesays.com\/fr\/wp-json\/wp\/v2\/tags?post=194210"}],"curies":[{"name":"wp","href":"https:\/\/api.w.org\/{rel}","templated":true}]}}