{"id":194214,"date":"2025-06-21T20:01:12","date_gmt":"2025-06-21T20:01:12","guid":{"rendered":"https:\/\/www.europesays.com\/fr\/194214\/"},"modified":"2025-06-21T20:01:12","modified_gmt":"2025-06-21T20:01:12","slug":"au-bresil-un-accident-de-montgolfiere-fait-huit-morts","status":"publish","type":"post","link":"https:\/\/www.europesays.com\/fr\/194214\/","title":{"rendered":"Au Br\u00e9sil, un accident de montgolfi\u00e8re fait huit morts"},"content":{"rendered":"<p>        <img decoding=\"async\" loading=\"lazy\" src=\"https:\/\/www.europesays.com\/fr\/wp-content\/uploads\/2025\/06\/82053c2_upload-1-gmdaddzqacrn-montgolfiei-re.jpg\"  width=\"728\" height=\"410\" alt=\"La montgolfi\u00e8re a pris feu en plein vol ce samedi 21\u00a0juin au-dessus de la ville de Praia Grande, avec 21\u00a0personnes \u00e0 bord.\"\/>  <\/p>\n<p>Captures d\u2019\u00e9cran X<\/p>\n<p>La montgolfi\u00e8re a pris feu en plein vol ce samedi 21\u00a0juin au-dessus de la ville de Praia Grande, avec 21\u00a0personnes \u00e0 bord.<\/p>\n<p class=\"asset asset-text\">BR\u00c9SIL &#8211; Sc\u00e8ne d\u2019horreur dans le ciel de l\u2019\u00c9tat de Santa Catarina, dans le sud du <a href=\"https:\/\/www.huffingtonpost.fr\/sport\/article\/dimitri-payet-desormais-vise-par-une-plainte-du-parquet-bresilien-pour-violence-physique-et-psychologique_251629.html\" rel=\"nofollow noopener\" target=\"_blank\">Br\u00e9sil<\/a>. Huit personnes ont trouv\u00e9 la mort dans l\u2019incendie puis la chute d\u2019une <a href=\"https:\/\/www.huffingtonpost.fr\/faits-divers\/article\/une-montgolfiere-touche-des-lignes-electriques-dans-les-alpes-de-haute-provence-7-blesses_219713.html\" rel=\"nofollow noopener\" target=\"_blank\">montgolfi\u00e8re<\/a> ce samedi 21\u00a0juin, a annonc\u00e9 le gouverneur de l\u2019\u00c9tat.<\/p>\n<p class=\"asset asset-text\">\u00ab\u00a0Huit victimes mortelles et treize survivants\u00a0\u00bb, tel est le bilan alors que \u00ab\u00a021 personnes (se trouvaient) \u00e0 bord\u00a0\u00bb de cette montgolfi\u00e8re, a d\u00e9clar\u00e9 Jorginho Mello sur X. L\u2019homme politique a apport\u00e9 sa solidarit\u00e9 \u00e0 la ville c\u00f4ti\u00e8re de Praia Grande o\u00f9 s\u2019est produit le drame, ainsi qu\u2019aux familles des victimes.<\/p>\n<p> La lecture de ce contenu est susceptible d\u2019entra\u00eener un d\u00e9p\u00f4t de cookies de la part de l\u2019op\u00e9rateur tiers qui l\u2019h\u00e9berge. Compte-tenu des choix que vous avez exprim\u00e9s en mati\u00e8re de d\u00e9p\u00f4t de cookies, nous avons bloqu\u00e9 l\u2019affichage de ce contenu. Si vous souhaitez y acc\u00e9der, vous devez accepter la cat\u00e9gorie de cookies \u201cContenus tiers\u201d en cliquant sur le bouton ci-dessous. <\/p>\n<p> Lire la Vid\u00e9o        <\/p>\n<p class=\"asset asset-text\">Des vid\u00e9os prises par des t\u00e9moins et diffus\u00e9es par la t\u00e9l\u00e9vision br\u00e9silienne ont montr\u00e9 le moment o\u00f9 le ballon a pris feu dans les airs. La nacelle s\u2019est d\u00e9tach\u00e9e et est tomb\u00e9e au sol en flammes \u00e0 toute vitesse.<\/p>\n<p class=\"asset asset-text\"><strong>Attention, images pouvant heurter\u00a0:<\/strong><\/p>\n<p> La lecture de ce contenu est susceptible d\u2019entra\u00eener un d\u00e9p\u00f4t de cookies de la part de l\u2019op\u00e9rateur tiers qui l\u2019h\u00e9berge. Compte-tenu des choix que vous avez exprim\u00e9s en mati\u00e8re de d\u00e9p\u00f4t de cookies, nous avons bloqu\u00e9 l\u2019affichage de ce contenu. Si vous souhaitez y acc\u00e9der, vous devez accepter la cat\u00e9gorie de cookies \u201cContenus tiers\u201d en cliquant sur le bouton ci-dessous. <\/p>\n<p> Lire la Vid\u00e9o        <\/p>\n<p class=\"asset asset-text\">Des photos montrent aussi ce qu\u2019il reste de la toile de l\u2019engin apr\u00e8s sa chute, dans un champ.<\/p>\n<p class=\"asset asset-text\">Les causes de l\u2019accident font toujours l\u2019objet d\u2019une enqu\u00eate. Les vid\u00e9os de l\u2019accident qui tournent sur les r\u00e9seaux sociaux montrent que les conditions m\u00e9t\u00e9orologiques \u00e9taient bonnes.<\/p>\n<p class=\"asset asset-text\">Praia Grande est une destination r\u00e9put\u00e9e pour la pratique de l\u2019a\u00e9rostation au Br\u00e9sil. Il s\u2019agit du deuxi\u00e8me accident mortel impliquant une montgolfi\u00e8re au Br\u00e9sil en quelques jours\u00a0: il y a moins d\u2019une semaine, une passag\u00e8re a p\u00e9ri lors d\u2019un vol dans l\u2019\u00c9tat de Sao Paulo.<\/p>\n","protected":false},"excerpt":{"rendered":"Captures d\u2019\u00e9cran X La montgolfi\u00e8re a pris feu en plein vol ce samedi 21\u00a0juin au-dessus de la ville&hellip;\n","protected":false},"author":2,"featured_media":194215,"comment_status":"","ping_status":"","sticky":false,"template":"","format":"standard","meta":{"footnotes":""},"categories":[5],"tags":[119,11,2548,1011,27,14,12,28],"class_list":{"0":"post-194214","1":"post","2":"type-post","3":"status-publish","4":"format-standard","5":"has-post-thumbnail","7":"category-international","8":"tag-accident","9":"tag-actualites","10":"tag-bresil","11":"tag-fr","12":"tag-france","13":"tag-international","14":"tag-news","15":"tag-world"},"share_on_mastodon":{"url":"https:\/\/pubeurope.com\/@fr\/114723139395161775","error":""},"_links":{"self":[{"href":"https:\/\/www.europesays.com\/fr\/wp-json\/wp\/v2\/posts\/194214","targetHints":{"allow":["GET"]}}],"collection":[{"href":"https:\/\/www.europesays.com\/fr\/wp-json\/wp\/v2\/posts"}],"about":[{"href":"https:\/\/www.europesays.com\/fr\/wp-json\/wp\/v2\/types\/post"}],"author":[{"embeddable":true,"href":"https:\/\/www.europesays.com\/fr\/wp-json\/wp\/v2\/users\/2"}],"replies":[{"embeddable":true,"href":"https:\/\/www.europesays.com\/fr\/wp-json\/wp\/v2\/comments?post=194214"}],"version-history":[{"count":0,"href":"https:\/\/www.europesays.com\/fr\/wp-json\/wp\/v2\/posts\/194214\/revisions"}],"wp:featuredmedia":[{"embeddable":true,"href":"https:\/\/www.europesays.com\/fr\/wp-json\/wp\/v2\/media\/194215"}],"wp:attachment":[{"href":"https:\/\/www.europesays.com\/fr\/wp-json\/wp\/v2\/media?parent=194214"}],"wp:term":[{"taxonomy":"category","embeddable":true,"href":"https:\/\/www.europesays.com\/fr\/wp-json\/wp\/v2\/categories?post=194214"},{"taxonomy":"post_tag","embeddable":true,"href":"https:\/\/www.europesays.com\/fr\/wp-json\/wp\/v2\/tags?post=194214"}],"curies":[{"name":"wp","href":"https:\/\/api.w.org\/{rel}","templated":true}]}}