{"id":194216,"date":"2025-06-21T20:02:19","date_gmt":"2025-06-21T20:02:19","guid":{"rendered":"https:\/\/www.europesays.com\/fr\/194216\/"},"modified":"2025-06-21T20:02:19","modified_gmt":"2025-06-21T20:02:19","slug":"13-departements-places-en-vigilance-orange-pour-ce-dimanche-21-juin","status":"publish","type":"post","link":"https:\/\/www.europesays.com\/fr\/194216\/","title":{"rendered":"13\u00a0d\u00e9partements plac\u00e9s en vigilance orange pour ce dimanche 21\u00a0juin"},"content":{"rendered":"<p>        <img decoding=\"async\" loading=\"lazy\" src=\"https:\/\/www.europesays.com\/fr\/wp-content\/uploads\/2025\/06\/f8a9c1b_upload-1-deg2pcqqhoav-ma-ta-o-dimanche.png\"  width=\"728\" height=\"728\" alt=\"13\u00a0d\u00e9partements restent en vigilance orange canicule pour ce dimanche 22\u00a0juin 2025, selon M\u00e9t\u00e9o France\"\/>  <\/p>\n<p>M\u00e9t\u00e9o France<\/p>\n<p>13\u00a0d\u00e9partements restent en vigilance orange canicule pour ce dimanche 22\u00a0juin 2025, selon M\u00e9t\u00e9o France<\/p>\n<p class=\"asset asset-text\">METEO &#8211; Un d\u00e9but d\u2019accalmie&#8230; mais une <a href=\"https:\/\/www.huffingtonpost.fr\/life\/article\/en-pleine-vague-de-chaleur-profs-et-parents-d-eleves-alertent-sur-des-classes-a-30-degres_251591.html\" rel=\"nofollow noopener\" target=\"_blank\">vague de chaleur<\/a> encore loin d\u2019\u00eatre termin\u00e9e. M\u00e9t\u00e9o France maintient 13\u00a0d\u00e9partements en <a href=\"https:\/\/www.huffingtonpost.fr\/france\/article\/vigilance-orange-canicule-pourquoi-votre-departement-n-est-pas-concerne-malgre-les-fortes-temperatures_251612.html\" rel=\"nofollow noopener\" target=\"_blank\">vigilance orange canicule<\/a> pour ce dimanche 22\u00a0juin, alors que les temp\u00e9ratures devraient commencer \u00e0 baisser sur la fa\u00e7ade Atlantique en comparaison \u00e0 ce samedi.<\/p>\n<p class=\"asset asset-text\">Si la partie est du pays devrait conna\u00eetre son pic de chaleur ce dimanche, les 13\u00a0d\u00e9partements en vigilance orange restent parmi ceux qui l\u2019\u00e9taient d\u00e9j\u00e0 depuis ce vendredi, c\u2019est-\u00e0-dire majoritairement dans la partie ouest du pays. Ainsi, la Charente, la Charente-Maritime, l\u2019Indre-et-Loire, l\u2019Is\u00e8re, la Loire-Atlantique, le Maine-et-Loire, la Mayenne, le Rh\u00f4ne, la Sarthe, les Deux-S\u00e8vres, la Vend\u00e9e, la Vienne et la Haute-Vienne demeurent en alerte canicule. 3\u00a0d\u00e9partements sortent en revanche de la vigilance orange, et basculent m\u00eame en vert, indiquant un retour \u00e0 la normale\u00a0: la Manche, l\u2019Ille-et-Vilaine et le Morbihan.<\/p>\n<p class=\"asset asset-text\">Cela s\u2019explique par un \u00ab\u00a0rafra\u00eechissement\u00a0\u00bb qui va commencer \u00e0 s\u2019amorcer par l\u2019ouest ce samedi soir, affirme M\u00e9t\u00e9o France. Avec pour cons\u00e9quence la perte de pr\u00e8s d\u2019une dizaine de degr\u00e9s entre ce samedi et ce dimanche sur la fa\u00e7ade Atlantique. \u00ab\u00a0Certains d\u00e9partements bretons et normands sortant de la vigilance orange \u00e0 22h, avec un vent tournant brusquement \u00e0 l\u2019ouest et soufflant jusqu\u2019\u00e0 60\/70\u00a0km\/h en rafales \u00e0 la c\u00f4te.<\/p>\n<p> La lecture de ce contenu est susceptible d\u2019entra\u00eener un d\u00e9p\u00f4t de cookies de la part de l\u2019op\u00e9rateur tiers qui l\u2019h\u00e9berge. Compte-tenu des choix que vous avez exprim\u00e9s en mati\u00e8re de d\u00e9p\u00f4t de cookies, nous avons bloqu\u00e9 l\u2019affichage de ce contenu. Si vous souhaitez y acc\u00e9der, vous devez accepter la cat\u00e9gorie de cookies \u201cContenus tiers\u201d en cliquant sur le bouton ci-dessous. <\/p>\n<p> Lire la Vid\u00e9o        <\/p>\n<p class=\"asset asset-text\">\u00ab\u00a0Ce rafra\u00eechissement s\u2019\u00e9tend \u00e0 une moiti\u00e9 ouest du pays dimanche matin, avec une redescente en vert pour l\u2019ensemble des d\u00e9partements de la zone\u00a0\u00bb, poursuit l\u2019institut m\u00e9t\u00e9orologique.<\/p>\n<p>                     De fortes chaleurs dans l\u2019Est    <\/p>\n<p class=\"asset asset-text\">En revanche, si aucun d\u00e9partement de la frange est du pays ne bascule en vigilance orange canicule, cela ne signifie pas pour autant que les temp\u00e9ratures y seront douces. \u00ab\u00a0Les tr\u00e8s fortes chaleurs persistent dans les r\u00e9gions d\u2019une bonne moiti\u00e9 est, allant de la Provence au Grand-Est en passant par Auvergne-Rh\u00f4ne-Alpes\u00a0\u00bb, rapporte M\u00e9t\u00e9o France.<\/p>\n<p> La lecture de ce contenu est susceptible d\u2019entra\u00eener un d\u00e9p\u00f4t de cookies de la part de l\u2019op\u00e9rateur tiers qui l\u2019h\u00e9berge. Compte-tenu des choix que vous avez exprim\u00e9s en mati\u00e8re de d\u00e9p\u00f4t de cookies, nous avons bloqu\u00e9 l\u2019affichage de ce contenu. Si vous souhaitez y acc\u00e9der, vous devez accepter la cat\u00e9gorie de cookies \u201cContenus tiers\u201d en cliquant sur le bouton ci-dessous. <\/p>\n<p> Lire la Vid\u00e9o            <\/p>\n<p class=\"asset asset-text\">L\u2019institut m\u00e9t\u00e9orologique attend ainsi de 34\u00a0\u00e0 36\u00a0degr\u00e9s sur toute la moiti\u00e9 est du pays, avec des temp\u00e9ratures qui devraient grimper jusqu\u2019\u00e0 33\u00a0\u00b0C \u00e0 Strasbourg, 34\u00a0\u00b0C \u00e0 Metz ou Auxerre, ou encore 36\u00a0\u00b0C \u00e0 Lyon.<\/p>\n<p class=\"asset asset-text\">Par ailleurs, \u00ab\u00a0une nouvelle d\u00e9gradation orageuse sur la fa\u00e7ade est du pays est attendue\u00a0\u00bb ce lundi 23\u00a0juin, \u00ab\u00a0avec localement quelques foyers orageux forts entre les Alpes et le Jura\u00a0\u00bb. Toujours pour ce lundi, les temp\u00e9ratures devraient rester \u00ab\u00a0chaudes sur les r\u00e9gions m\u00e9ridionales, proches des 35\u00a0\u00b0C l\u2019apr\u00e8s-midi du Languedoc \u00e0 la Provence\u00a0\u00bb, alors qu\u2019elles devraient \u00ab\u00a0demeurer plus respirables sur la moiti\u00e9 nord de l\u2019Hexagone\u00a0\u00bb.<\/p>\n","protected":false},"excerpt":{"rendered":"M\u00e9t\u00e9o France 13\u00a0d\u00e9partements restent en vigilance orange canicule pour ce dimanche 22\u00a0juin 2025, selon M\u00e9t\u00e9o France METEO &#8211;&hellip;\n","protected":false},"author":2,"featured_media":194217,"comment_status":"","ping_status":"","sticky":false,"template":"","format":"standard","meta":{"footnotes":""},"categories":[4],"tags":[11,6698,1011,27,2487,2357,12,25,15637],"class_list":{"0":"post-194216","1":"post","2":"type-post","3":"status-publish","4":"format-standard","5":"has-post-thumbnail","7":"category-france","8":"tag-actualites","9":"tag-canicule","10":"tag-fr","11":"tag-france","12":"tag-meteo","13":"tag-meteo-france","14":"tag-news","15":"tag-republique-francaise","16":"tag-vague-de-chaleur"},"share_on_mastodon":{"url":"https:\/\/pubeurope.com\/@fr\/114723143353712191","error":""},"_links":{"self":[{"href":"https:\/\/www.europesays.com\/fr\/wp-json\/wp\/v2\/posts\/194216","targetHints":{"allow":["GET"]}}],"collection":[{"href":"https:\/\/www.europesays.com\/fr\/wp-json\/wp\/v2\/posts"}],"about":[{"href":"https:\/\/www.europesays.com\/fr\/wp-json\/wp\/v2\/types\/post"}],"author":[{"embeddable":true,"href":"https:\/\/www.europesays.com\/fr\/wp-json\/wp\/v2\/users\/2"}],"replies":[{"embeddable":true,"href":"https:\/\/www.europesays.com\/fr\/wp-json\/wp\/v2\/comments?post=194216"}],"version-history":[{"count":0,"href":"https:\/\/www.europesays.com\/fr\/wp-json\/wp\/v2\/posts\/194216\/revisions"}],"wp:featuredmedia":[{"embeddable":true,"href":"https:\/\/www.europesays.com\/fr\/wp-json\/wp\/v2\/media\/194217"}],"wp:attachment":[{"href":"https:\/\/www.europesays.com\/fr\/wp-json\/wp\/v2\/media?parent=194216"}],"wp:term":[{"taxonomy":"category","embeddable":true,"href":"https:\/\/www.europesays.com\/fr\/wp-json\/wp\/v2\/categories?post=194216"},{"taxonomy":"post_tag","embeddable":true,"href":"https:\/\/www.europesays.com\/fr\/wp-json\/wp\/v2\/tags?post=194216"}],"curies":[{"name":"wp","href":"https:\/\/api.w.org\/{rel}","templated":true}]}}