{"id":194224,"date":"2025-06-21T20:07:38","date_gmt":"2025-06-21T20:07:38","guid":{"rendered":"https:\/\/www.europesays.com\/fr\/194224\/"},"modified":"2025-06-21T20:07:38","modified_gmt":"2025-06-21T20:07:38","slug":"fleville-devant-nancy-laudition-de-lecole-de-musique-a-eu-un-vif-succes","status":"publish","type":"post","link":"https:\/\/www.europesays.com\/fr\/194224\/","title":{"rendered":"Fl\u00e9ville-devant-Nancy. L\u2019audition de l\u2019\u00e9cole de musique a eu un vif succ\u00e8s"},"content":{"rendered":"<p>Mardi, la salle des f\u00eates a servi de cadre \u00e0 l\u2019audition de l\u2019\u00e9cole de musique de Fl\u00e9ville Loisirs men\u00e9e par Rapha\u00ebl Tornamb\u00e9, professeur de musique depuis de nombreuses ann\u00e9es au sein de l\u2019association. Il en a vu de jeunes Fl\u00e9villois manipuler piano, guitare et autres cymbales. M\u00eame les d\u00e9butants se sont pris au jeu de pr\u00e9sentation de leur morceau et se sont appliqu\u00e9s \u00e0 ne pas faire de fausses notes. Les inscriptions pour la saison prochaine pourront se faire au forum des associations qui se d\u00e9roulera le samedi 6\u00a0septembre.<\/p>\n","protected":false},"excerpt":{"rendered":"Mardi, la salle des f\u00eates a servi de cadre \u00e0 l\u2019audition de l\u2019\u00e9cole de musique de Fl\u00e9ville Loisirs&hellip;\n","protected":false},"author":2,"featured_media":194225,"comment_status":"","ping_status":"","sticky":false,"template":"","format":"standard","meta":{"footnotes":""},"categories":[9635],"tags":[1111,11,1687,1704,1777,674,9650,1011,27,775,9649,1702,12,25],"class_list":{"0":"post-194224","1":"post","2":"type-post","3":"status-publish","4":"format-standard","5":"has-post-thumbnail","7":"category-nancy","8":"tag-actu","9":"tag-actualites","10":"tag-culture-loisirs","11":"tag-edition-nancy-et-agglomeration","12":"tag-eu","13":"tag-europe","14":"tag-fleville-devant-nancy","15":"tag-fr","16":"tag-france","17":"tag-grand-est","18":"tag-metropole-du-grand-nancy-54b2","19":"tag-nancy","20":"tag-news","21":"tag-republique-francaise"},"share_on_mastodon":{"url":"https:\/\/pubeurope.com\/@fr\/114723162914891094","error":""},"_links":{"self":[{"href":"https:\/\/www.europesays.com\/fr\/wp-json\/wp\/v2\/posts\/194224","targetHints":{"allow":["GET"]}}],"collection":[{"href":"https:\/\/www.europesays.com\/fr\/wp-json\/wp\/v2\/posts"}],"about":[{"href":"https:\/\/www.europesays.com\/fr\/wp-json\/wp\/v2\/types\/post"}],"author":[{"embeddable":true,"href":"https:\/\/www.europesays.com\/fr\/wp-json\/wp\/v2\/users\/2"}],"replies":[{"embeddable":true,"href":"https:\/\/www.europesays.com\/fr\/wp-json\/wp\/v2\/comments?post=194224"}],"version-history":[{"count":0,"href":"https:\/\/www.europesays.com\/fr\/wp-json\/wp\/v2\/posts\/194224\/revisions"}],"wp:featuredmedia":[{"embeddable":true,"href":"https:\/\/www.europesays.com\/fr\/wp-json\/wp\/v2\/media\/194225"}],"wp:attachment":[{"href":"https:\/\/www.europesays.com\/fr\/wp-json\/wp\/v2\/media?parent=194224"}],"wp:term":[{"taxonomy":"category","embeddable":true,"href":"https:\/\/www.europesays.com\/fr\/wp-json\/wp\/v2\/categories?post=194224"},{"taxonomy":"post_tag","embeddable":true,"href":"https:\/\/www.europesays.com\/fr\/wp-json\/wp\/v2\/tags?post=194224"}],"curies":[{"name":"wp","href":"https:\/\/api.w.org\/{rel}","templated":true}]}}