{"id":194232,"date":"2025-06-21T20:11:09","date_gmt":"2025-06-21T20:11:09","guid":{"rendered":"https:\/\/www.europesays.com\/fr\/194232\/"},"modified":"2025-06-21T20:11:09","modified_gmt":"2025-06-21T20:11:09","slug":"saisies-procedures-et-pv-apres-une-action-ciblee-contre-les-rodeos-urbains","status":"publish","type":"post","link":"https:\/\/www.europesays.com\/fr\/194232\/","title":{"rendered":"saisies, proc\u00e9dures et PV apr\u00e8s une action cibl\u00e9e contre les rod\u00e9os urbains"},"content":{"rendered":"<p>            Par<br \/>\n        <strong><br \/>\n            <a href=\"https:\/\/actu.fr\/auteur\/metropoop\" title=\"Consulter tous les articles de R\u00e9daction M\u00e9tropolitain\" target=\"_blank\" rel=\"noopener\">R\u00e9daction M\u00e9tropolitain<\/a><br \/>\n        <\/strong><\/p>\n<p>        Publi\u00e9 le<\/p>\n<p>            21 juin 2025 \u00e0 18h30        <\/p>\n<p><strong>Ce mercredi 18 juin 2025<\/strong>, les forces de l\u2019ordre ont men\u00e9 une op\u00e9ration de lutte contre les rod\u00e9os urbains dans le quartier de Port Marianne, \u00e0 Montpellier. De 17h \u00e0 19h, des effectifs conjoints de la police nationale et de la police municipale ont \u00e9t\u00e9 d\u00e9ploy\u00e9s sur la voie publique. Le but \u00e9tait clair : pr\u00e9venir les comportements routiers dangereux, sanctionner les infractions, et r\u00e9affirmer la pr\u00e9sence polici\u00e8re dans une zone r\u00e9guli\u00e8rement touch\u00e9e par les nuisances li\u00e9es aux rod\u00e9os.<\/p>\n<p>    <a href=\"https:\/\/www.google.com\/maps\/embed?pb=!1m18!1m12!1m3!1d23106.53565652367!2d3.8731775999999996!3d43.620761599999994!2m3!1f0!2f0!3f0!3m2!1i1024!2i768!4f13.1!3m3!1m2!1s0x12b6af85d6a0e48d%3A0x6b4de2ce2f40baac!2sPort%20Marianne%2C%2034000%20Montpellier!5e0!3m2!1sfr!2sfr!4v1750522158964!5m2!1sfr!2sfr\" title=\"Ouvrie le lien\" target=\"_blank\" rel=\"noopener\">Cliquez ici pour visualiser le contenu<\/a><\/p>\n<p>Des contr\u00f4les cibl\u00e9s et un bilan pr\u00e9cis<\/p>\n<p class=\" wall-content\">En seulement deux heures, les agents ont contr\u00f4l\u00e9 15 v\u00e9hicules. Ces v\u00e9rifications n\u2019ont pas tard\u00e9 \u00e0 aboutir. Six proc\u00e9dures judiciaires ont \u00e9t\u00e9 engag\u00e9es. Elles concernent des faits graves, incluant la d\u00e9tention d\u2019armes, la possession ou le transport de produits stup\u00e9fiants, ainsi que des d\u00e9fauts d\u2019assurance. Parall\u00e8lement, huit proc\u00e8s-verbaux ont \u00e9t\u00e9 r\u00e9dig\u00e9s pour des infractions de moindre gravit\u00e9 : absence de gants pour les conducteurs de deux-roues, stationnement g\u00eanant ou encore vente de tabac illicite. Les agents ont \u00e9galement proc\u00e9d\u00e9 \u00e0 l\u2019immobilisation d\u2019un v\u00e9hicule : une trottinette non homologu\u00e9e.<\/p>\n<p class=\" wall-content\">Les rod\u00e9os urbains sont une probl\u00e9matique bien connue des services de police. Ils impliquent souvent des scooters ou des motos trafiqu\u00e9s, pilot\u00e9s par des individus sans casque, sans papiers et parfois sans permis. Les rassemblements peuvent d\u00e9g\u00e9n\u00e9rer rapidement, provoquant nuisances sonores, accidents, ou heurts avec les habitants. Chaque citoyen peut signaler un rod\u00e9o urbain ou un comportement suspect en appelant<strong> le 17<\/strong>, ou via <a href=\"https:\/\/www.masecurite.interieur.gouv.fr\/fr\" target=\"_blank\" rel=\"noopener\">l\u2019application Ma S\u00e9curit\u00e9.<\/a><\/p>\n<p class=\" wall-content\">Suivez toute l\u2019actualit\u00e9 de vos villes et m\u00e9dias favoris en vous inscrivant \u00e0 <a href=\"https:\/\/moncompte.actu.fr\" title=\"D\u00e9couvez Mon Actu\" rel=\"nofollow noopener\" data-trk=\"{&quot;cta&quot;:{&quot;action&quot;:&quot;https:\\\/\\\/moncompte.actu.fr&quot;,&quot;category&quot;:&quot;mon compte&quot;,&quot;from&quot;:&quot;article footer&quot;,&quot;name&quot;:&quot;Mon actu&quot;,&quot;type&quot;:&quot;cta&quot;}}\" target=\"_blank\">Mon Actu<\/a>.<\/p>\n","protected":false},"excerpt":{"rendered":"Par R\u00e9daction M\u00e9tropolitain Publi\u00e9 le 21 juin 2025 \u00e0 18h30 Ce mercredi 18 juin 2025, les forces de&hellip;\n","protected":false},"author":2,"featured_media":194233,"comment_status":"","ping_status":"","sticky":false,"template":"","format":"standard","meta":{"footnotes":""},"categories":[9599],"tags":[1111,11,1777,674,118,1011,27,2208,12,2680,1072,25,5575,5009],"class_list":{"0":"post-194232","1":"post","2":"type-post","3":"status-publish","4":"format-standard","5":"has-post-thumbnail","7":"category-montpellier","8":"tag-actu","9":"tag-actualites","10":"tag-eu","11":"tag-europe","12":"tag-faits-divers","13":"tag-fr","14":"tag-france","15":"tag-montpellier","16":"tag-news","17":"tag-occitanie","18":"tag-police","19":"tag-republique-francaise","20":"tag-rodeos-urbains","21":"tag-securite-routiere"},"share_on_mastodon":{"url":"https:\/\/pubeurope.com\/@fr\/114723178921486643","error":""},"_links":{"self":[{"href":"https:\/\/www.europesays.com\/fr\/wp-json\/wp\/v2\/posts\/194232","targetHints":{"allow":["GET"]}}],"collection":[{"href":"https:\/\/www.europesays.com\/fr\/wp-json\/wp\/v2\/posts"}],"about":[{"href":"https:\/\/www.europesays.com\/fr\/wp-json\/wp\/v2\/types\/post"}],"author":[{"embeddable":true,"href":"https:\/\/www.europesays.com\/fr\/wp-json\/wp\/v2\/users\/2"}],"replies":[{"embeddable":true,"href":"https:\/\/www.europesays.com\/fr\/wp-json\/wp\/v2\/comments?post=194232"}],"version-history":[{"count":0,"href":"https:\/\/www.europesays.com\/fr\/wp-json\/wp\/v2\/posts\/194232\/revisions"}],"wp:featuredmedia":[{"embeddable":true,"href":"https:\/\/www.europesays.com\/fr\/wp-json\/wp\/v2\/media\/194233"}],"wp:attachment":[{"href":"https:\/\/www.europesays.com\/fr\/wp-json\/wp\/v2\/media?parent=194232"}],"wp:term":[{"taxonomy":"category","embeddable":true,"href":"https:\/\/www.europesays.com\/fr\/wp-json\/wp\/v2\/categories?post=194232"},{"taxonomy":"post_tag","embeddable":true,"href":"https:\/\/www.europesays.com\/fr\/wp-json\/wp\/v2\/tags?post=194232"}],"curies":[{"name":"wp","href":"https:\/\/api.w.org\/{rel}","templated":true}]}}