{"id":194240,"date":"2025-06-21T20:18:10","date_gmt":"2025-06-21T20:18:10","guid":{"rendered":"https:\/\/www.europesays.com\/fr\/194240\/"},"modified":"2025-06-21T20:18:10","modified_gmt":"2025-06-21T20:18:10","slug":"un-nouvel-itineraire-velo-qui-va-diviser-les-bretons-indice-mont-saint-michel","status":"publish","type":"post","link":"https:\/\/www.europesays.com\/fr\/194240\/","title":{"rendered":"Un nouvel itin\u00e9raire v\u00e9lo qui va diviser les Bretons (indice : Mont-Saint-Michel)"},"content":{"rendered":"<p>De Nantes au Mont-Saint-Michel, en passant par Saint-Nazaire, Rennes ou Dinard, la Travers\u00e9e Bretonne veut m\u00ealer v\u00e9lo, culture, bouffe locale et p\u00e9pites touristiques. Un tout nouvel itin\u00e9raire v\u00e9lo en Bretagne, fra\u00eechement annonc\u00e9, qui entend bien s\u00e9duire les amateurs de voyages \u00e0 v\u00e9lo pas trop lin\u00e9aires. De l&rsquo;art contemporain, des paysages baln\u00e9aires et des arr\u00eats gourmands, ce parcours a de quoi s\u00e9duire.<\/p>\n<p>Nouvel itin\u00e9raire v\u00e9lo arty entre Nantes et le Mont-Saint-Michel : La Travers\u00e9e Bretonne<\/p>\n<p>Allez, posons-la de suite, cette question \u00e0 embrouilles familiales : le Mont-Saint-Michel, il est en Bretagne ou en Normandie ? Officiellement, en Normandie. Officieusement, tout d\u00e9pend \u00e0 qui vous posez la question. Et que dire alors de Naoned ??! Allez, on arr\u00eate&#8230;<\/p>\n<p><a href=\"https:\/\/weelz.ouest-france.fr\/wp-content\/uploads\/2021\/07\/136338695-3528155653967893-4200310524756112705-n.jpg\" target=\"_blank\" rel=\"noopener\"><img loading=\"lazy\" decoding=\"async\" width=\"1248\" height=\"839\" src=\"data:image\/gif;base64,R0lGODlhAQABAIAAAAAAAP\/\/\/yH5BAEAAAAALAAAAAABAAEAAAIBRAA7\" data-lazy-type=\"image\" data-lazy-src=\"https:\/\/www.europesays.com\/fr\/wp-content\/uploads\/2025\/06\/136338695-3528155653967893-4200310524756112705-n-1248x839.jpg\" alt=\"\" class=\"lazy lazy-hidden wp-image-32097\" data-lazy- data-lazy-\/><\/a>Le Mont-Saint-Michel, il est en Bretagne ou en Normandie ? &#8211; \u00a9 D. Darrault \/ La V\u00e9losc\u00e9nie<\/p>\n<p>Ce qui est s\u00fbr, c\u2019est que la Travers\u00e9e Bretonne, elle, commence \u00e0 Nantes et finit au Mont. Un itin\u00e9raire v\u00e9lo qui traverse des coins bien connus de la (presque) Bretagne : Saint-Nazaire, La Baule, Rennes, Saint-Malo\u2026 Avec toutefois un nouvel angle d\u2019attaque : l\u2019art en plein air, les assiettes bien remplies, et quelques lieux atypiques pour casser la routine du voyage \u00e0 v\u00e9lo.<\/p>\n<p>Le trac\u00e9 fait dans le grand \u00e9cart : sculptures plant\u00e9es dans le sable, street art portuaire, villas Belle \u00c9poque ou belv\u00e9d\u00e8re perch\u00e9 en pleine cambrousse. Parmi les spots cit\u00e9s : la Villa Chemin\u00e9e (Nantes), le Belv\u00e9d\u00e8re de F\u00e9gr\u00e9ac, le \u00ab\u00a0Grand Huit\u00a0\u00bb \u00e0 Rennes ou encore les piscines d\u2019eau de mer de Saint-Malo et Dinard.<\/p>\n<p>Cinq tron\u00e7ons, cinq ambiances<br \/>\n<img decoding=\"async\" src=\"data:image\/gif;base64,R0lGODlhAQABAIAAAAAAAP\/\/\/yH5BAEAAAAALAAAAAABAAEAAAIBRAA7\" class=\"lazy lazy-hidden\" data-lazy-type=\"iframe\" data-lazy-src=\"&lt;iframe loading=&quot;lazy&quot; src=&quot;https:\/\/www.komoot.com\/fr-fr\/tour\/992216513\/embed&quot; width=&quot;100%&quot; height=&quot;600&quot; frameborder=&quot;0&quot; scrolling=&quot;no&quot;&gt;&lt;\/iframe&gt;\" alt=\"\"\/><\/p>\n<p>Le parcours est d\u00e9coup\u00e9 en cinq grandes portions, chacune avec sa sauce.<\/p>\n<p><strong>1. Nantes &gt; Saint-Nazaire (90 km)<\/strong> : bienvenue dans l\u2019Estuaire. \u0152uvres en plein air, ambiance industrielle qui flirte avec la culture. C\u2019est Le Voyage \u00e0 Nantes version v\u00e9lo.<\/p>\n<p><strong>2. Saint-Nazaire &gt; Gu\u00e9rande (via La Baule, 86 km)<\/strong> : alternance plage et sel. D\u2019un c\u00f4t\u00e9, l\u2019architecture baln\u00e9aire ; de l\u2019autre, les marais salants et le sel qui croustille. On roule au milieu.<\/p>\n<p><strong>3. P\u00e9nestin &gt; Rennes (154 km)<\/strong> : plus sauvage, plus vert. \u00c7a monte un peu, \u00e7a serpente beaucoup. En prime, la Vilaine (la rivi\u00e8re, pas une critique) et les landes du Bo\u00ebl.<\/p>\n<p><strong>4. Rennes &gt; Dinard (106 km)<\/strong> : retour dans le dur du patrimoine avec \u00e9cluses, canaux, vieille pierre et vieilles villes. Un tron\u00e7on \u00e0 prendre comme une machine \u00e0 remonter le temps.<\/p>\n<p><strong>5. Dinard &gt; Mont-Saint-Michel (67 km)<\/strong> : la carte postale finale. Saint-Malo, Cancale, la baie, le Mont. Si t\u2019as pas de photo, c\u2019est que t\u2019as rat\u00e9 quelque chose.<\/p>\n<p>De la galette-saucisse au cidre arty<\/p>\n<p><a href=\"https:\/\/www.europesays.com\/fr\/wp-content\/uploads\/2025\/06\/saint-nazaire-s-laval-2-scaled-840x559-c-center.webp.webp\"><img loading=\"lazy\" decoding=\"async\" width=\"840\" height=\"559\" src=\"data:image\/gif;base64,R0lGODlhAQABAIAAAAAAAP\/\/\/yH5BAEAAAAALAAAAAABAAEAAAIBRAA7\" data-lazy-type=\"image\" data-lazy-src=\"https:\/\/www.europesays.com\/fr\/wp-content\/uploads\/2025\/06\/saint-nazaire-s-laval-2-scaled-840x559-c-center.webp.webp\" alt=\"\" class=\"lazy lazy-hidden wp-image-66940\" data-lazy- data-lazy-\/><\/a>Le Pull-over \u00e0 Saint-Nazaire &#8211; \u00a9 S. Laval<\/p>\n<p>Parce que p\u00e9daler, \u00e7a creuse : le parcours mise aussi sur la bouffe. Pas juste du ravito, mais des haltes clairement identifi\u00e9es comme \u00ab\u00a0\u0153uvres comestibles\u00a0\u00bb.<\/p>\n<p>Dans le lot : le g\u00e2teau nantais, les moules de bouchot de P\u00e9nestin, la galette-saucisse du march\u00e9 des Lices (\u00e0 Rennes, sinon rien), le cidre Ti-L\u00f4 aux recettes borderline (houblon, rhum, betterave\u2026) ou encore les babas au rhum revisit(\u00e9s) par un chef \u00e9toil\u00e9 \u00e0 Saint-Malo. On vous laisse juger si c\u2019est vraiment de l\u2019art, mais au moins c\u2019est local et \u00e7a se mange.<\/p>\n<p>La Travers\u00e9e Bretonne : connect\u00e9e aux grands axes<\/p>\n<p>La Travers\u00e9e Bretonne ne joue pas solo. Elle se branche sur plusieurs v\u00e9loroutes occidentales d\u00e9j\u00e0 existantes : <a href=\"https:\/\/weelz.ouest-france.fr\/la-velodyssee-labellisee-eurovelo-1300-km-de-cyclotourisme-certifie-en-france\/\" target=\"_blank\" rel=\"noopener\">La V\u00e9lodyss\u00e9e<\/a> (EV1), <a href=\"https:\/\/weelz.ouest-france.fr\/la-velomaritime-velo-tourisme-manche-mer-du-nord-eurovelo-4\/\" target=\"_blank\" rel=\"noopener\">La V\u00e9lomaritime<\/a> (EV4), <a href=\"https:\/\/weelz.ouest-france.fr\/la-veloscenie-veloroute-mise-en-selle-ete-velo-tourisme\/\" target=\"_blank\" rel=\"noopener\">La V\u00e9losc\u00e9nie<\/a>, <a href=\"https:\/\/weelz.ouest-france.fr\/la-loire-a-velo-tourisme-succes-economique\/\" target=\"_blank\" rel=\"noopener\">La Loire \u00e0 V\u00e9lo<\/a>, <a href=\"https:\/\/weelz.ouest-france.fr\/veloroute-la-regalante-itineraire-cyclable-velo-tourisme-mont-saint-michel-nantes\/\" target=\"_blank\" rel=\"noopener\">La R\u00e9galante<\/a>, <a href=\"https:\/\/weelz.ouest-france.fr\/veloroute-velideale-nouvel-itineraire-cyclable-cyclo-tourisme-ouest\/\" target=\"_blank\" rel=\"noopener\">La V\u00e9lid\u00e9ale<\/a>.<\/p>\n<p>Bref, elle peut s\u2019int\u00e9grer facilement \u00e0 un trip plus long, ou s\u2019envisager comme une parenth\u00e8se au milieu d\u2019un plus gros voyage. Pas besoin de tout faire d\u2019un coup, on peut aussi la picorer par tron\u00e7ons. Plus d&rsquo;infos sur le <a href=\"https:\/\/traversee-bretonne.com\/\" target=\"_blank\" rel=\"noopener\">site officiel<\/a>.<\/p>\n<p><img decoding=\"async\" src=\"data:image\/gif;base64,R0lGODlhAQABAIAAAAAAAP\/\/\/yH5BAEAAAAALAAAAAABAAEAAAIBRAA7\" class=\"lazy lazy-hidden\" data-lazy-type=\"iframe\" data-lazy-src=\"&lt;iframe loading=&quot;lazy&quot; title=&quot;Travers\u00e9e Bretonne - Teaser&quot; width=&quot;500&quot; height=&quot;281&quot; src=&quot;https:\/\/www.youtube.com\/embed\/QjPIGnnAhJ4?feature=oembed&quot; frameborder=&quot;0&quot; allow=&quot;accelerometer; autoplay; clipboard-write; encrypted-media; gyroscope; picture-in-picture; web-share&quot; referrerpolicy=&quot;strict-origin-when-cross-origin&quot; allowfullscreen&gt;&lt;\/iframe&gt;\" alt=\"\"\/><\/p>\n<p><strong>Vous avez aim\u00e9 cet article ?<\/strong> N&rsquo;h\u00e9sitez-pas \u00e0 <a href=\"https:\/\/weelz.ouest-france.fr\/newsletter-velo\/\" target=\"_blank\" rel=\"noopener\">vous abonner \u00e0 notre newsletter<\/a>. Vous pouvez aussi nous ajouter en favoris directement dans <a href=\"https:\/\/news.google.com\/publications\/CAAqBwgKMJ3Eugswqt_RAw?hl=fr&amp;gl=FR&amp;ceid=FR%3Afr\" rel=\"external noopener\" target=\"_blank\">Google News<\/a> ou encore nous suivre via <a href=\"https:\/\/bit.ly\/weelz-whatsapp\" target=\"_blank\" rel=\"noopener\">notre chaine WhatsApp<\/a>. Une question, une remarque ? <a href=\"https:\/\/weelz.ouest-france.fr\/contacter-weelz\/\" target=\"_blank\" rel=\"noopener\">Contactez-nous<\/a>.<\/p>\n","protected":false},"excerpt":{"rendered":"De Nantes au Mont-Saint-Michel, en passant par Saint-Nazaire, Rennes ou Dinard, la Travers\u00e9e Bretonne veut m\u00ealer v\u00e9lo, culture,&hellip;\n","protected":false},"author":2,"featured_media":194241,"comment_status":"","ping_status":"","sticky":false,"template":"","format":"standard","meta":{"footnotes":""},"categories":[2821],"tags":[1111,11,829,20079,1777,674,1011,27,33315,766,12,584,25,20080],"class_list":{"0":"post-194240","1":"post","2":"type-post","3":"status-publish","4":"format-standard","5":"has-post-thumbnail","7":"category-rennes","8":"tag-actu","9":"tag-actualites","10":"tag-bretagne","11":"tag-cyclotourisme","12":"tag-eu","13":"tag-europe","14":"tag-fr","15":"tag-france","16":"tag-itineraire-velo","17":"tag-nantes","18":"tag-news","19":"tag-rennes","20":"tag-republique-francaise","21":"tag-voyage-a-velo"},"share_on_mastodon":{"url":"https:\/\/pubeurope.com\/@fr\/114723206487900384","error":""},"_links":{"self":[{"href":"https:\/\/www.europesays.com\/fr\/wp-json\/wp\/v2\/posts\/194240","targetHints":{"allow":["GET"]}}],"collection":[{"href":"https:\/\/www.europesays.com\/fr\/wp-json\/wp\/v2\/posts"}],"about":[{"href":"https:\/\/www.europesays.com\/fr\/wp-json\/wp\/v2\/types\/post"}],"author":[{"embeddable":true,"href":"https:\/\/www.europesays.com\/fr\/wp-json\/wp\/v2\/users\/2"}],"replies":[{"embeddable":true,"href":"https:\/\/www.europesays.com\/fr\/wp-json\/wp\/v2\/comments?post=194240"}],"version-history":[{"count":0,"href":"https:\/\/www.europesays.com\/fr\/wp-json\/wp\/v2\/posts\/194240\/revisions"}],"wp:featuredmedia":[{"embeddable":true,"href":"https:\/\/www.europesays.com\/fr\/wp-json\/wp\/v2\/media\/194241"}],"wp:attachment":[{"href":"https:\/\/www.europesays.com\/fr\/wp-json\/wp\/v2\/media?parent=194240"}],"wp:term":[{"taxonomy":"category","embeddable":true,"href":"https:\/\/www.europesays.com\/fr\/wp-json\/wp\/v2\/categories?post=194240"},{"taxonomy":"post_tag","embeddable":true,"href":"https:\/\/www.europesays.com\/fr\/wp-json\/wp\/v2\/tags?post=194240"}],"curies":[{"name":"wp","href":"https:\/\/api.w.org\/{rel}","templated":true}]}}