{"id":194248,"date":"2025-06-21T20:23:11","date_gmt":"2025-06-21T20:23:11","guid":{"rendered":"https:\/\/www.europesays.com\/fr\/194248\/"},"modified":"2025-06-21T20:23:11","modified_gmt":"2025-06-21T20:23:11","slug":"on-a-tente-le-defi-des-1000-km","status":"publish","type":"post","link":"https:\/\/www.europesays.com\/fr\/194248\/","title":{"rendered":"on a tent\u00e9 le d\u00e9fi des 1000 km"},"content":{"rendered":"<p itemprop=\"description\">Nous avons parcouru 1000 kilom\u00e8tres entre Nice et Paris \u00e0 bord de la Renault 5 E-Tech. Voici notre verdict de cette exp\u00e9rience.<\/p>\n<p>La <a href=\"https:\/\/www.autoplus.fr\/actualite\/renault-5-e-tech-on-la-passe-au-labo-dauto-plus-1360329.html\" rel=\"nofollow noopener\" target=\"_blank\">Renault 5 E-Tech,<\/a> r\u00e9cemment arriv\u00e9e sur le march\u00e9 des voitures \u00e9lectriques compactes, est d\u00e9sormais disponible sur nos routes. Apr\u00e8s divers essais et comparaisons, il \u00e9tait temps de tester ses capacit\u00e9s sur un long trajet. Quoi de mieux qu\u00a0\u00bbun voyage de 1000 kilom\u00e8tres entre <strong>Nice et Paris<\/strong> pour \u00e9valuer son autonomie, son confort et ses performances ? Pour cela, nous avons choisi un itin\u00e9raire combinant routes de montagne et autoroutes pour mettre \u00e0 l&rsquo;\u00e9preuve la R5 E-Tech dans diff\u00e9rentes conditions. Le voyage commence \u00e0 Nice, traverse les Alpes jusqu&rsquo;\u00e0 Grenoble, puis continue vers Paris via l&rsquo;autoroute. Un parcours exigeant, id\u00e9al pour tester cette petite voiture \u00e9lectrique.<\/p>\n<p>    Une Renault 5 E-Tech tr\u00e8s impressionnante <\/p>\n<p>D\u00e8s les premiers kilom\u00e8tres en milieu urbain, la Renault 5 E-Tech impressionne par son <strong>agilit\u00e9 et sa facilit\u00e9 de man\u0153uvre<\/strong>. Sa petite taille est un <strong>atout<\/strong> pour les d\u00e9placements en ville, et son <strong>rayon de braquage r\u00e9duit facilite les man\u0153uvres<\/strong> dans les rues \u00e9troites. Les suspensions m\u00e9ritent une mention sp\u00e9ciale pour leur capacit\u00e9 \u00e0<strong> absorber les irr\u00e9gularit\u00e9s de la route,<\/strong> et l&rsquo;insonorisation est <strong>remarquable<\/strong> pour un v\u00e9hicule de cette cat\u00e9gorie. Les si\u00e8ges avant, bien con\u00e7us, offrent un <strong>bon soutien<\/strong> et une ergonomie qui assurent un <strong>confort appr\u00e9ciable sur les longues distances.<\/strong><\/p>\n<p>En quittant la ville pour les routes sinueuses des Alpes, la Renault 5 E-Tech montre qu&rsquo;elle n&rsquo;est pas seulement faite pour la ville. Son empattement court lui conf\u00e8re une <strong>grande agilit<\/strong>\u00e9, et sa direction pr\u00e9cise permet de prendre les virages avec <strong>confiance<\/strong>. Bien que l&rsquo;on puisse craindre une certaine instabilit\u00e9 sur route ouverte, ce n&rsquo;est pas le cas : le <strong>ch\u00e2ssis bien \u00e9quilibr\u00e9<\/strong> et les<strong> suspensions bien r\u00e9gl\u00e9es<\/strong> offrent une tenue de route exemplaire. Avec ses 150 chevaux, cette citadine assure des<strong> acc\u00e9l\u00e9rations franches et des d\u00e9passements s\u00e9curis\u00e9s<\/strong>, sans brutalit\u00e9 ni secousses. En r\u00e9sum\u00e9, la voiture se montre particuli\u00e8rement <strong>convaincante<\/strong> dans son comportement dynamique.<\/p>\n<p>    Une gestion \u00e9nerg\u00e9tique efficace <\/p>\n<p>Apr\u00e8s avoir parcouru 210 km, nous arrivons \u00e0 notre <a href=\"https:\/\/www.autoplus.fr\/environnement\/voiture-electrique\/les-meilleures-bornes-de-recharge-domestiques-pour-votre-maison-1361394.html\" rel=\"nofollow noopener\" target=\"_blank\">premi\u00e8re borne de recharge<\/a> rapide \u00e0 Sisteron. Le tableau de bord indique une consommation moyenne de 16,3 kWh\/100 km, avec encore 28 % de batterie restante. Recharger jusqu&rsquo;\u00e0 80 % prend 27 minutes, avec une puissance de charge maximale de 96 kW. Ce laps de temps est parfait pour une pause caf\u00e9 avant de reprendre la route vers Grenoble. Un des atouts majeurs de cette Renault 5 E-Tech est sa gestion de l&rsquo;\u00e9nergie. Gr\u00e2ce \u00e0 sa pompe \u00e0 chaleur, l&rsquo;int\u00e9rieur reste agr\u00e9ablement chauff\u00e9 sans r\u00e9duire de mani\u00e8re significative l&rsquo;autonomie.<\/p>\n<p>En descendant vers Grenoble, le mode B permet de r\u00e9cup\u00e9rer de l&rsquo;\u00e9nergie en optimisant le <strong>freinage r\u00e9g\u00e9n\u00e9ratif<\/strong>, ce qui r\u00e9duit l&rsquo;utilisation des freins classiques. C&rsquo;est un avantage important pour maximiser <a href=\"https:\/\/www.autoplus.fr\/environnement\/tesla-ou-byd-des-experts-ont-mesure-lautonomie-reelle-voici-le-verdict-1385802.html\" rel=\"nofollow noopener\" target=\"_blank\">l&rsquo;autonomie<\/a> sur un long trajet. Apr\u00e8s deux jours de voyage et cinq arr\u00eats pour recharger, nous atteignons Paris. Bien qu&rsquo;une Clio diesel aurait pu couvrir cette distance en une journ\u00e9e avec un seul plein, aucune citadine \u00e9lectrique ne propose actuellement un compromis aussi int\u00e9ressant entre autonomie, confort et plaisir de conduite.<\/p>\n<p>La Renault 5 E-Tech prouve qu&rsquo;elle peut s&rsquo;aventurer bien au-del\u00e0 de son environnement urbain habituel. Avec un prix attractif et un charme ind\u00e9niable, elle s&rsquo;annonce comme une citadine \u00e9lectrique avec un avenir prometteur.<\/p>\n","protected":false},"excerpt":{"rendered":"Nous avons parcouru 1000 kilom\u00e8tres entre Nice et Paris \u00e0 bord de la Renault 5 E-Tech. Voici notre&hellip;\n","protected":false},"author":2,"featured_media":194249,"comment_status":"","ping_status":"","sticky":false,"template":"","format":"standard","meta":{"footnotes":""},"categories":[2819],"tags":[1111,11,1777,674,1011,27,1638,12,2401,882,25,6055],"class_list":{"0":"post-194248","1":"post","2":"type-post","3":"status-publish","4":"format-standard","5":"has-post-thumbnail","7":"category-nice","8":"tag-actu","9":"tag-actualites","10":"tag-eu","11":"tag-europe","12":"tag-fr","13":"tag-france","14":"tag-has_diapo","15":"tag-news","16":"tag-nice","17":"tag-provence-alpes-cote-dazur","18":"tag-republique-francaise","19":"tag-republishing"},"share_on_mastodon":{"url":"https:\/\/pubeurope.com\/@fr\/114723225860151580","error":""},"_links":{"self":[{"href":"https:\/\/www.europesays.com\/fr\/wp-json\/wp\/v2\/posts\/194248","targetHints":{"allow":["GET"]}}],"collection":[{"href":"https:\/\/www.europesays.com\/fr\/wp-json\/wp\/v2\/posts"}],"about":[{"href":"https:\/\/www.europesays.com\/fr\/wp-json\/wp\/v2\/types\/post"}],"author":[{"embeddable":true,"href":"https:\/\/www.europesays.com\/fr\/wp-json\/wp\/v2\/users\/2"}],"replies":[{"embeddable":true,"href":"https:\/\/www.europesays.com\/fr\/wp-json\/wp\/v2\/comments?post=194248"}],"version-history":[{"count":0,"href":"https:\/\/www.europesays.com\/fr\/wp-json\/wp\/v2\/posts\/194248\/revisions"}],"wp:featuredmedia":[{"embeddable":true,"href":"https:\/\/www.europesays.com\/fr\/wp-json\/wp\/v2\/media\/194249"}],"wp:attachment":[{"href":"https:\/\/www.europesays.com\/fr\/wp-json\/wp\/v2\/media?parent=194248"}],"wp:term":[{"taxonomy":"category","embeddable":true,"href":"https:\/\/www.europesays.com\/fr\/wp-json\/wp\/v2\/categories?post=194248"},{"taxonomy":"post_tag","embeddable":true,"href":"https:\/\/www.europesays.com\/fr\/wp-json\/wp\/v2\/tags?post=194248"}],"curies":[{"name":"wp","href":"https:\/\/api.w.org\/{rel}","templated":true}]}}