{"id":194251,"date":"2025-06-21T20:25:50","date_gmt":"2025-06-21T20:25:50","guid":{"rendered":"https:\/\/www.europesays.com\/fr\/194251\/"},"modified":"2025-06-21T20:25:50","modified_gmt":"2025-06-21T20:25:50","slug":"une-personne-retrouvee-morte-par-les-pompiers-dans-un-appartement-en-feu","status":"publish","type":"post","link":"https:\/\/www.europesays.com\/fr\/194251\/","title":{"rendered":"une personne retrouv\u00e9e morte par les pompiers dans un appartement en feu"},"content":{"rendered":"<p>            Par<br \/>\n        <strong><br \/>\n            <a href=\"https:\/\/actu.fr\/auteur\/laure-gentil\" title=\"Consulter tous les articles de Laure Gentil\" rel=\"nofollow noopener\" target=\"_blank\">Laure Gentil<\/a><br \/>\n        <\/strong><\/p>\n<p>        Publi\u00e9 le<\/p>\n<p>            21 juin 2025 \u00e0 9h34        <\/p>\n<p>Les <strong>sapeurs-pompiers de Loire-Atlantique<\/strong> ont \u00e9t\u00e9 d\u00e9p\u00each\u00e9s<strong> rue du Port Boyer<\/strong> \u00e0 <a href=\"https:\/\/actu.fr\/nantes\" rel=\"nofollow noopener\" target=\"_blank\">Nantes<\/a>, ce vendredi 20\u00a0juin 2025 vers 16\u2009h\u200930 pour \u00e9teindre un appartement en feu au premier \u00e9tage d\u2019un immeuble d\u2019habitation.<\/p>\n<p>Un d\u00e9c\u00e8s<\/p>\n<p class=\" wall-content\">Selon le bulletin d\u2019information op\u00e9rationnelle du Service d\u00e9partemental d\u2019incendie et de secours, une personne a \u00e9t\u00e9 retrouv\u00e9e d\u00e9c\u00e9d\u00e9e \u00e0 l\u2019int\u00e9rieur du logement.<\/p>\n<p class=\" wall-content\">Dix-neuf <a href=\"https:\/\/actu.fr\/pays-de-la-loire\/ancenis-saint-gereon_44003\/le-chiot-alma-est-la-nouvelle-recrue-de-l-equipe-cynotechnique-des-pompiers-de-loire-atlantique_62796410.html\" rel=\"nofollow noopener\" target=\"_blank\">sapeurs-pompiers<\/a> ont \u00e9t\u00e9 d\u00e9ploy\u00e9s sur cette intervention.<\/p>\n<p class=\" wall-content\">Suivez toute l\u2019actualit\u00e9 de vos villes et m\u00e9dias favoris en vous inscrivant \u00e0 <a href=\"https:\/\/moncompte.actu.fr\" title=\"D\u00e9couvez Mon Actu\" rel=\"nofollow noopener\" data-trk=\"{&quot;cta&quot;:{&quot;action&quot;:&quot;https:\\\/\\\/moncompte.actu.fr&quot;,&quot;category&quot;:&quot;mon compte&quot;,&quot;from&quot;:&quot;article footer&quot;,&quot;name&quot;:&quot;Mon actu&quot;,&quot;type&quot;:&quot;cta&quot;}}\" target=\"_blank\">Mon Actu<\/a>.<\/p>\n","protected":false},"excerpt":{"rendered":"Par Laure Gentil Publi\u00e9 le 21 juin 2025 \u00e0 9h34 Les sapeurs-pompiers de Loire-Atlantique ont \u00e9t\u00e9 d\u00e9p\u00each\u00e9s rue&hellip;\n","protected":false},"author":2,"featured_media":194252,"comment_status":"","ping_status":"","sticky":false,"template":"","format":"standard","meta":{"footnotes":""},"categories":[2818],"tags":[1111,11,1777,674,118,1011,27,1310,766,12,2636,1311,25],"class_list":{"0":"post-194251","1":"post","2":"type-post","3":"status-publish","4":"format-standard","5":"has-post-thumbnail","7":"category-nantes","8":"tag-actu","9":"tag-actualites","10":"tag-eu","11":"tag-europe","12":"tag-faits-divers","13":"tag-fr","14":"tag-france","15":"tag-incendie","16":"tag-nantes","17":"tag-news","18":"tag-pays-de-la-loire","19":"tag-pompiers","20":"tag-republique-francaise"},"share_on_mastodon":{"url":"https:\/\/pubeurope.com\/@fr\/114723237610372579","error":""},"_links":{"self":[{"href":"https:\/\/www.europesays.com\/fr\/wp-json\/wp\/v2\/posts\/194251","targetHints":{"allow":["GET"]}}],"collection":[{"href":"https:\/\/www.europesays.com\/fr\/wp-json\/wp\/v2\/posts"}],"about":[{"href":"https:\/\/www.europesays.com\/fr\/wp-json\/wp\/v2\/types\/post"}],"author":[{"embeddable":true,"href":"https:\/\/www.europesays.com\/fr\/wp-json\/wp\/v2\/users\/2"}],"replies":[{"embeddable":true,"href":"https:\/\/www.europesays.com\/fr\/wp-json\/wp\/v2\/comments?post=194251"}],"version-history":[{"count":0,"href":"https:\/\/www.europesays.com\/fr\/wp-json\/wp\/v2\/posts\/194251\/revisions"}],"wp:featuredmedia":[{"embeddable":true,"href":"https:\/\/www.europesays.com\/fr\/wp-json\/wp\/v2\/media\/194252"}],"wp:attachment":[{"href":"https:\/\/www.europesays.com\/fr\/wp-json\/wp\/v2\/media?parent=194251"}],"wp:term":[{"taxonomy":"category","embeddable":true,"href":"https:\/\/www.europesays.com\/fr\/wp-json\/wp\/v2\/categories?post=194251"},{"taxonomy":"post_tag","embeddable":true,"href":"https:\/\/www.europesays.com\/fr\/wp-json\/wp\/v2\/tags?post=194251"}],"curies":[{"name":"wp","href":"https:\/\/api.w.org\/{rel}","templated":true}]}}