{"id":19426,"date":"2025-04-12T08:26:11","date_gmt":"2025-04-12T08:26:11","guid":{"rendered":"https:\/\/www.europesays.com\/fr\/19426\/"},"modified":"2025-04-12T08:26:11","modified_gmt":"2025-04-12T08:26:11","slug":"debat-des-candidats-au-batonnat-2026-2027-devant-les-jeunes-avocats","status":"publish","type":"post","link":"https:\/\/www.europesays.com\/fr\/19426\/","title":{"rendered":"D\u00e9bat des candidats au B\u00e2tonnat 2026-2027 devant les jeunes avocats : (\u2026)"},"content":{"rendered":"<p>                    <img loading=\"lazy\" decoding=\"async\" src=\"https:\/\/www.europesays.com\/fr\/wp-content\/uploads\/2025\/04\/2b24265fac96a28bc6a31ac724058f.png\" class=\"img-responsive post-image\" width=\"680\" height=\"510\" alt=\"D\u00e9bat des candidats (\u2026)\" title=\"D\u00e9bat des candidats au B\u00e2tonnat 2026-2027 devant les jeunes avocats : rendez-vous le 27 mai \u00e0 Nice\"\/><\/p>\n<p class=\"chapo\">L\u2019Union des Jeunes Avocats (UJA) de Nice organise, comme \u00e0 chaque \u00e9ch\u00e9ance \u00e9lectorale du B\u00e2tonnat, un d\u00e9bat entre les candidats d\u00e9clar\u00e9s. Cet \u00e9v\u00e9nement se tiendra le mardi 27 mai 2025 \u00e0 partir de 18h, dans les locaux de la biblioth\u00e8que de l\u2019Ordre des avocats de Nice.<\/p>\n<p>En amont des \u00e9lections pr\u00e9vues pour les 5 et 12 juin 2025, ce d\u00e9bat constitue <strong>un moment cl\u00e9 du calendrier \u00e9lectoral.<\/strong> Il permettra aux jeunes avocats du barreau de Nice de prendre connaissance des programmes et propositions port\u00e9s par les candidats au B\u00e2tonnat pour la mandature 2026-2027.<\/p>\n<p>Les candidats d\u00e9clar\u00e9s sont\u00a0: <strong>Ma\u00eetre Ollivier Carl\u00e8s de Caudemberg et Ma\u00eetre Pascale Bailet et Ma\u00eetre C\u00e9dric Porteron<\/strong>.<\/p>\n<p><strong>Dans un souci d\u2019accessibilit\u00e9 et de participation, le d\u00e9bat sera retransmis en direct. <\/strong> Les avocats pourront ainsi suivre les \u00e9changes \u00e0 distance et y participer en soumettant leurs questions aux candidats.<\/p>\n<p><strong>Les questions aux candidats sont \u00e0 envoyer \u00e0 l\u2019adresse de l\u2019UA\u00a0: <a href=\"https:\/\/www.petitesaffiches.fr\/cdn-cgi\/l\/email-protection\" class=\"__cf_email__\" data-cfemail=\"f98c979096979d9c8a939c8c979c8a988f969a988d8ab99e94989095d79a9694\" rel=\"nofollow noopener\" target=\"_blank\">[email\u00a0protected]<\/a> avant le mardi 20 mai \u00e0 18h.<\/strong><\/p>\n<p>L\u2019UJA de Nice souligne l\u2019importance de ce rendez-vous d\u00e9mocratique, qui offre \u00e0 chacun l\u2019opportunit\u00e9 de mieux comprendre les orientations propos\u00e9es et de s\u2019exprimer sur les enjeux qui concernent la profession.<\/p>\n<p>Visuel de Une(d\u00e9tail) \u00a9UJA de Nice<\/p>\n","protected":false},"excerpt":{"rendered":"L\u2019Union des Jeunes Avocats (UJA) de Nice organise, comme \u00e0 chaque \u00e9ch\u00e9ance \u00e9lectorale du B\u00e2tonnat, un d\u00e9bat entre&hellip;\n","protected":false},"author":2,"featured_media":19427,"comment_status":"","ping_status":"","sticky":false,"template":"","format":"standard","meta":{"footnotes":""},"categories":[2819],"tags":[1111,11,2408,1777,674,1011,27,12,2401,882,25],"class_list":{"0":"post-19426","1":"post","2":"type-post","3":"status-publish","4":"format-standard","5":"has-post-thumbnail","7":"category-nice","8":"tag-actu","9":"tag-actualites","10":"tag-appels-d","11":"tag-eu","12":"tag-europe","13":"tag-fr","14":"tag-france","15":"tag-news","16":"tag-nice","17":"tag-provence-alpes-cote-dazur","18":"tag-republique-francaise"},"share_on_mastodon":{"url":"https:\/\/pubeurope.com\/@fr\/114324044818118569","error":""},"_links":{"self":[{"href":"https:\/\/www.europesays.com\/fr\/wp-json\/wp\/v2\/posts\/19426","targetHints":{"allow":["GET"]}}],"collection":[{"href":"https:\/\/www.europesays.com\/fr\/wp-json\/wp\/v2\/posts"}],"about":[{"href":"https:\/\/www.europesays.com\/fr\/wp-json\/wp\/v2\/types\/post"}],"author":[{"embeddable":true,"href":"https:\/\/www.europesays.com\/fr\/wp-json\/wp\/v2\/users\/2"}],"replies":[{"embeddable":true,"href":"https:\/\/www.europesays.com\/fr\/wp-json\/wp\/v2\/comments?post=19426"}],"version-history":[{"count":0,"href":"https:\/\/www.europesays.com\/fr\/wp-json\/wp\/v2\/posts\/19426\/revisions"}],"wp:featuredmedia":[{"embeddable":true,"href":"https:\/\/www.europesays.com\/fr\/wp-json\/wp\/v2\/media\/19427"}],"wp:attachment":[{"href":"https:\/\/www.europesays.com\/fr\/wp-json\/wp\/v2\/media?parent=19426"}],"wp:term":[{"taxonomy":"category","embeddable":true,"href":"https:\/\/www.europesays.com\/fr\/wp-json\/wp\/v2\/categories?post=19426"},{"taxonomy":"post_tag","embeddable":true,"href":"https:\/\/www.europesays.com\/fr\/wp-json\/wp\/v2\/tags?post=19426"}],"curies":[{"name":"wp","href":"https:\/\/api.w.org\/{rel}","templated":true}]}}