{"id":194263,"date":"2025-06-21T20:32:12","date_gmt":"2025-06-21T20:32:12","guid":{"rendered":"https:\/\/www.europesays.com\/fr\/194263\/"},"modified":"2025-06-21T20:32:12","modified_gmt":"2025-06-21T20:32:12","slug":"gavino-puggioni-un-skipper-pour-tous","status":"publish","type":"post","link":"https:\/\/www.europesays.com\/fr\/194263\/","title":{"rendered":"Gavino Puggioni, un skipper pour tous"},"content":{"rendered":"<p>\u201cIl y a des gens qui meurent en M\u00e9diterran\u00e9e. Nous, marins professionnels, on a l&rsquo;obligation de les sauver.\u201d C&rsquo;est avec ces mots que <a href=\"https:\/\/www.classemini.com\/?mode=skippers&amp;id_skipper=5293\" target=\"_blank\" rel=\"noopener\">Gavino Puggioni<\/a>, ancien sauveteur de <a href=\"https:\/\/www.laprovence.com\/article\/politique\/1840855749805614\/subvention-a-sos-mediterranee-menacee-dannulation-la-mairie-de-marseille-va-rectifier-le-tir\" target=\"_blank\" rel=\"noopener\">SOS M\u00e9diterran\u00e9e<\/a>, r\u00e9sume l&rsquo;engagement de son projet. Jeudi soir \u00e0 19h30, au c\u0153ur du Vieux-Port de Marseille, il mettait \u00e0 l&rsquo;eau L&rsquo;Alcycon, son Mini 6.50 num\u00e9ro 686. Ce voilier de course, pr\u00e9par\u00e9 pour la Mini Transat 2027, portera sur sa coque les noms de ses soutiens, coll\u00e9s un \u00e0 un. \u201cCe bateau, c&rsquo;est aussi le leur\u00a0\u00bb, pr\u00e9vient-il d&#8217;embl\u00e9e.<\/p>\n<p>Amis, proches, donateurs, marins, tous s&rsquo;\u00e9taient r\u00e9unis autour de Gavino pour ce moment symbolique. Parmi eux, Lucie et Jean, parrains et marraines du bateau, tr\u00e8s \u00e9mus. \u00ab\u00a0On a rencontr\u00e9 Gavino il y a deux ou trois ans, il nous a tout de suite s\u00e9duits. Il est dans l&rsquo;humanitaire depuis 2017. Aujourd&rsquo;hui, il veut porter ce message dans le monde de la course au large, qui devient de plus en plus comp\u00e9titif.\u00a0\u00bb Alors, malgr\u00e9 les petits moyens, \u201cle projet Mini, c&rsquo;est souvent un tout petit budget compar\u00e9 \u00e0 d&rsquo;autres qui sont bien plus professionnalis\u00e9s\u201d. Au sein du petit rassemblement, sa compagne Claire Ducamp aussi \u00e9tait l\u00e0. Navigatrice elle-m\u00eame, elle conna\u00eet les d\u00e9parts, les retours, les longues absences. \u201cOn se parle beaucoup. Un coup, c&rsquo;est lui qui a peur, un coup, c&rsquo;est moi. Mais je lui fais confiance, ainsi qu&rsquo;\u00e0 son&#8230; bateau.\u201d Elle garde un \u0153il sur lui gr\u00e2ce \u00e0 l&rsquo;application de tracking\u00a0: \u201cC&rsquo;est rassurant. Je sais ce qu&rsquo;il vit, je sais ce qu&rsquo;il doit encore avaler, les courses \u00e0 venir. Mais ce qu&rsquo;il porte, c&rsquo;est beau. Il met en lumi\u00e8re le sauvetage en mer\u00a0\u00bb, souligne-t-elle.<\/p>\n<p>Atlantique 2027<\/p>\n<p>Ce lundi, le marin n\u00e9 \u00e0 Rome, partira pour la <a href=\"https:\/\/www.laprovence.com\/article\/sports\/7997266624753114\/voile-entre-terre-et-mer-le-cntl-prend-son-role-a-coeur\" target=\"_blank\" rel=\"noopener\">Massilia Cup Offshore<\/a> : 500 milles nautiques en solitaire autour de la Corse. Une seule course, deux destinations : les ann\u00e9es impaires, la Massilia Cup propose un parcours vers l&rsquo;\u00cele de Beaut\u00e9 avec une escale au port de Macinaggio, situ\u00e9e sur la pointe orientale du Cap Corse ; les ann\u00e9es paires, direction l&rsquo;Espagne et la cit\u00e9 catalane de Barcelone. Dans tous les cas, les skippers de la Classe Mini 6.50 affronteront \u00e0 partir de lundi, 500 milles nautiques en solo, sans assistance. \u201cOn sera seul, avec des siestes de 20 minutes. La gestion du sommeil, c&rsquo;est d\u00e9j\u00e0 une performance en soi.\u201d<\/p>\n<p>Pr\u00e9par\u00e9 au sein de la Massilia Sailing Academy, Gavino vise un podium mais il voit d\u00e9j\u00e0 plus loin : \u201cCe projet, ce n&rsquo;est pas juste un d\u00e9fi sportif. C&rsquo;est une mani\u00e8re d&#8217;embarquer les gens, de rappeler que ce qui arrive aujourd&rsquo;hui \u00e0 d&rsquo;autres, pourrait nous arriver demain.\u201d<\/p>\n<p>Une course au large, un combat int\u00e9rieur<\/p>\n<p>Skipper professionnel de 45 ans, le Marseillais a embarqu\u00e9 en 2020 et 2021 sur l&rsquo;Ocean Viking, le navire de sauvetage de SOS M\u00e9diterran\u00e9e. Cette exp\u00e9rience ne l&rsquo;a pas seulement marqu\u00e9 en tant que marin, mais aussi et surtout en tant qu&rsquo;homme. Depuis, il n&rsquo;a cess\u00e9 de chercher un moyen d&rsquo;agir et d&rsquo;alerter. L&rsquo;opportunit\u00e9 de naviguer \u00e0 bord de L&rsquo;Alcycon \u00e9tait la solution parfaite. \u201cJe veux faire d&rsquo;un petit bateau de course un puissant symbole de soutien.\u201d<\/p>\n<p>Son initiative \u201cTous dans le m\u00eame bateau\u201d entend f\u00e9d\u00e9rer entreprises, citoyens et passionn\u00e9s autour d&rsquo;un message\u00a0: la solidarit\u00e9 en mer est une responsabilit\u00e9 collective. \u201cOn est tous sur la m\u00eame plan\u00e8te, et parfois, sur le m\u00eame bateau.\u201d Pendant deux saisons et jusqu&rsquo;\u00e0 la Mini Transat 2027, L&rsquo;Alcycon hissera les couleurs de la solidarit\u00e9 maritime, pour porter au large, au fil des courses, les valeurs du sauvetage.<\/p>\n<p>Pour soutenir son projet, rendez-vous sur : https:\/\/tousdanslememebateau.org\/<\/p>\n<p>\u00c0 noter, que pour r\u00e9aliser son r\u00eave de traverser l\u2019Atlantique en 2027, Gavino Puggioni devra effectuer un parcours de qualification de 1000 milles (1609,34) hors courses.&#13;<br \/>\n&#13;<br \/>\nPour soutenir son projet, rendez-vous sur : https:\/\/tousdanslememebateau.org\/<\/p>\n","protected":false},"excerpt":{"rendered":"\u201cIl y a des gens qui meurent en M\u00e9diterran\u00e9e. Nous, marins professionnels, on a l&rsquo;obligation de les sauver.\u201d&hellip;\n","protected":false},"author":2,"featured_media":194264,"comment_status":"","ping_status":"","sticky":false,"template":"","format":"standard","meta":{"footnotes":""},"categories":[2814],"tags":[17,1111,11,4255,33318,932,1777,674,1011,27,33316,884,12,882,33317,3583,25,60,10887],"class_list":{"0":"post-194263","1":"post","2":"type-post","3":"status-publish","4":"format-standard","5":"has-post-thumbnail","7":"category-marseille","8":"tag-17","9":"tag-actu","10":"tag-actualites","11":"tag-ancien","12":"tag-cet","13":"tag-est","14":"tag-eu","15":"tag-europe","16":"tag-fr","17":"tag-france","18":"tag-gavino","19":"tag-marseille","20":"tag-news","21":"tag-provence-alpes-cote-dazur","22":"tag-puggioni","23":"tag-qui","24":"tag-republique-francaise","25":"tag-sports","26":"tag-voile"},"share_on_mastodon":{"url":"https:\/\/pubeurope.com\/@fr\/114723261194546851","error":""},"_links":{"self":[{"href":"https:\/\/www.europesays.com\/fr\/wp-json\/wp\/v2\/posts\/194263","targetHints":{"allow":["GET"]}}],"collection":[{"href":"https:\/\/www.europesays.com\/fr\/wp-json\/wp\/v2\/posts"}],"about":[{"href":"https:\/\/www.europesays.com\/fr\/wp-json\/wp\/v2\/types\/post"}],"author":[{"embeddable":true,"href":"https:\/\/www.europesays.com\/fr\/wp-json\/wp\/v2\/users\/2"}],"replies":[{"embeddable":true,"href":"https:\/\/www.europesays.com\/fr\/wp-json\/wp\/v2\/comments?post=194263"}],"version-history":[{"count":0,"href":"https:\/\/www.europesays.com\/fr\/wp-json\/wp\/v2\/posts\/194263\/revisions"}],"wp:featuredmedia":[{"embeddable":true,"href":"https:\/\/www.europesays.com\/fr\/wp-json\/wp\/v2\/media\/194264"}],"wp:attachment":[{"href":"https:\/\/www.europesays.com\/fr\/wp-json\/wp\/v2\/media?parent=194263"}],"wp:term":[{"taxonomy":"category","embeddable":true,"href":"https:\/\/www.europesays.com\/fr\/wp-json\/wp\/v2\/categories?post=194263"},{"taxonomy":"post_tag","embeddable":true,"href":"https:\/\/www.europesays.com\/fr\/wp-json\/wp\/v2\/tags?post=194263"}],"curies":[{"name":"wp","href":"https:\/\/api.w.org\/{rel}","templated":true}]}}