{"id":194268,"date":"2025-06-21T20:35:11","date_gmt":"2025-06-21T20:35:11","guid":{"rendered":"https:\/\/www.europesays.com\/fr\/194268\/"},"modified":"2025-06-21T20:35:11","modified_gmt":"2025-06-21T20:35:11","slug":"lyon-la-rue-de-la-republique-entierement-pietonne-depuis-ce-samedi-21-juin","status":"publish","type":"post","link":"https:\/\/www.europesays.com\/fr\/194268\/","title":{"rendered":"Lyon : la rue de la R\u00e9publique enti\u00e8rement pi\u00e9tonne depuis ce samedi 21 juin"},"content":{"rendered":"<p>C&rsquo;est une date historique pour Lyon : depuis samedi 21 juin 2025, la rue de la R\u00e9publique est pi\u00e9tonne de la place Bellecour jusqu&rsquo;\u00e0 l&rsquo;H\u00f4tel de Ville. Cette d\u00e9cision marque l&rsquo;aboutissement de 50 ans de transformation progressive initi\u00e9e d\u00e8s 1975 entre Bellecour et les Cordeliers.<\/p>\n<p>Une <b>r\u00e9volution \u00e0 Lyon<\/b> : la <b>rue de la R\u00e9publique<\/b> est d\u00e9sormais <b>enti\u00e8rement pi\u00e9tonne<\/b> depuis samedi 21 juin.<\/p>\n<p>Cette pi\u00e9tonnisation s&rsquo;accompagne du <b>d\u00e9ploiement d&rsquo;une zone \u00e0 trafic limit\u00e9 <\/b>(ZTL) sur toute la Presqu&rsquo;\u00eele et de nouveaux am\u00e9nagements : <b>v\u00e9g\u00e9talisation, mobilier urbain, terrasses \u00e9tendues<\/b> et une <b>meilleure mise en valeur du patrimoine<\/b>.<\/p>\n<p><img loading=\"lazy\" decoding=\"async\" src=\"https:\/\/www.europesays.com\/fr\/wp-content\/uploads\/2025\/06\/1750538110_633_img\" width=\"350\" height=\"200\" border=\"0\" title=\"Zone \u00c3\u00a0 trafic limit\u00c3\u00a9 (ZTL)\"\/><\/p>\n<p>\u25baTransport<\/p>\n<p style=\"font-size: 22px;\"><b>Lyon : c&rsquo;est officiel, la ZTL entre en vigueur ce samedi en Presqu&rsquo;\u00eele<\/b><\/p>\n<p>\u00c0 partir de ce samedi 21 juin, la Zone \u00e0 Trafic&#8230;<\/p>\n<p><b>Gr\u00e9gory Doucet<\/b>, maire de Lyon, <b>Bruno Bernard<\/b>, Pr\u00e9sident de la M\u00e9tropole ou encore <b>Fabien Bagnon<\/b>, vice-pr\u00e9sident du Grand Lyon, ont pris la pose pour une photo devant la rue de la R\u00e9publique vers Cordeliers, samedi 21 juin, pour immortaliser le moment.<\/p>\n<p>Une Presqu&rsquo;\u00eele transform\u00e9e et plus accessible<\/p>\n<p><b>Cinq nouveaux kilom\u00e8tres<\/b> <b>de rues pi\u00e9tonnes <\/b>viendront s&rsquo;ajouter aux quatre d\u00e9j\u00e0 existants, portant le total \u00e0 <b>neuf kilom\u00e8tres<\/b> dans le <b>centre-ville.\u00a0<\/b><\/p>\n<p>Le secteur <b>H\u00f4tel de Ville \u2013 Terreaux <\/b>entame ainsi une <b>m\u00e9tamorphose compl\u00e8te.<\/b><\/p>\n<p>Cette transformation vise \u00e0 faire de la Presqu&rsquo;\u00eele un espace \u00ab\u00a0plus doux avec des espaces verts plant\u00e9s en plus grand nombre\u00a0\u00bb a rappel\u00e9 Gr\u00e9gory Doucet.<\/p>\n<p><img loading=\"lazy\" decoding=\"async\" src=\"https:\/\/www.europesays.com\/fr\/wp-content\/uploads\/2025\/06\/1750538111_39_img\" width=\"350\" height=\"200\" border=\"0\" title=\"Nouvel \u00c3\u00a9pisode de pollution de l'air dans l'agglom\u00c3\u00a9ration de Lyon\"\/><\/p>\n<p>\u25baTrafic<\/p>\n<p style=\"font-size: 22px;\"><b>Pollution de l&rsquo;air \u00e0 Lyon : circulation diff\u00e9renci\u00e9e et vitesse abaiss\u00e9e d\u00e8s samedi<\/b><\/p>\n<p>Face \u00e0 un nouvel \u00e9pisode de pollution de l&rsquo;air,&#8230;<\/p>\n<p><\/p>\n","protected":false},"excerpt":{"rendered":"C&rsquo;est une date historique pour Lyon : depuis samedi 21 juin 2025, la rue de la R\u00e9publique est&hellip;\n","protected":false},"author":2,"featured_media":194269,"comment_status":"","ping_status":"","sticky":false,"template":"","format":"standard","meta":{"footnotes":""},"categories":[1889],"tags":[1111,11,2430,1777,674,1011,27,25650,2428,12,25,33319],"class_list":{"0":"post-194268","1":"post","2":"type-post","3":"status-publish","4":"format-standard","5":"has-post-thumbnail","7":"category-lyon","8":"tag-actu","9":"tag-actualites","10":"tag-auvergne-rhone-alpes","11":"tag-eu","12":"tag-europe","13":"tag-fr","14":"tag-france","15":"tag-grgory-doucet","16":"tag-lyon","17":"tag-news","18":"tag-republique-francaise","19":"tag-rue-de-la-rpublique"},"share_on_mastodon":{"url":"https:\/\/pubeurope.com\/@fr\/114723273223889954","error":""},"_links":{"self":[{"href":"https:\/\/www.europesays.com\/fr\/wp-json\/wp\/v2\/posts\/194268","targetHints":{"allow":["GET"]}}],"collection":[{"href":"https:\/\/www.europesays.com\/fr\/wp-json\/wp\/v2\/posts"}],"about":[{"href":"https:\/\/www.europesays.com\/fr\/wp-json\/wp\/v2\/types\/post"}],"author":[{"embeddable":true,"href":"https:\/\/www.europesays.com\/fr\/wp-json\/wp\/v2\/users\/2"}],"replies":[{"embeddable":true,"href":"https:\/\/www.europesays.com\/fr\/wp-json\/wp\/v2\/comments?post=194268"}],"version-history":[{"count":0,"href":"https:\/\/www.europesays.com\/fr\/wp-json\/wp\/v2\/posts\/194268\/revisions"}],"wp:featuredmedia":[{"embeddable":true,"href":"https:\/\/www.europesays.com\/fr\/wp-json\/wp\/v2\/media\/194269"}],"wp:attachment":[{"href":"https:\/\/www.europesays.com\/fr\/wp-json\/wp\/v2\/media?parent=194268"}],"wp:term":[{"taxonomy":"category","embeddable":true,"href":"https:\/\/www.europesays.com\/fr\/wp-json\/wp\/v2\/categories?post=194268"},{"taxonomy":"post_tag","embeddable":true,"href":"https:\/\/www.europesays.com\/fr\/wp-json\/wp\/v2\/tags?post=194268"}],"curies":[{"name":"wp","href":"https:\/\/api.w.org\/{rel}","templated":true}]}}