{"id":194272,"date":"2025-06-21T20:39:19","date_gmt":"2025-06-21T20:39:19","guid":{"rendered":"https:\/\/www.europesays.com\/fr\/194272\/"},"modified":"2025-06-21T20:39:19","modified_gmt":"2025-06-21T20:39:19","slug":"plus-de-39-c-dans-le-cher-et-dans-laude-38-c-en-charente-36-c-a-paris-un-samedi-brulant-en-france","status":"publish","type":"post","link":"https:\/\/www.europesays.com\/fr\/194272\/","title":{"rendered":"Plus de 39\u00a0\u00b0C dans le Cher et dans l\u2019Aude, 38\u00a0\u00b0C en Charente, 36\u00a0\u00b0C \u00e0 Paris\u2026 Un samedi br\u00fblant en France"},"content":{"rendered":"<p class=\"paragraph text_align_left lp-f-body-02\">Un solstice d\u2019\u00e9t\u00e9 marqu\u00e9 par de tr\u00e8s hautes temp\u00e9ratures. La barre des 39 \u00b0C a \u00e9t\u00e9 d\u00e9pass\u00e9e dans l\u2019Hexagone ce samedi 21 juin, en plein <a href=\"https:\/\/www.leparisien.fr\/meteo\/vague-de-chaleur-en-france-ou-va-t-il-faire-le-plus-chaud-en-fin-de-semaine-18-06-2025-SCFC5UXAHJGMXHE5ABZTHNB3EU.php\" rel=\"nofollow noopener\" target=\"_blank\">\u00e9pisode pr\u00e9coce de fortes chaleurs<\/a>.<\/p>\n<blockquote class=\"twitter-tweet\">\n<p lang=\"fr\" dir=\"ltr\">Vague de chaleur \ud83c\udf21\ufe0f Les temp\u00e9ratures ont atteint leur paroxysme samedi :<\/p>\n<p>\u27a1\ufe0f 39,5 \u00b0C \u00e0 Chateaumeillant (18)<br \/>\u27a1\ufe0f 39,2 \u00b0C \u00e0 Carcassonne (11)<br \/>\u27a1\ufe0f 38,9 \u00b0C \u00e0 Tusson (17), \u00e9galant son record mensuel du 18\/06\/2022<\/p>\n<p>Quelle \u00e9volution pr\u00e9vue ces prochains jours ? \ud83d\udc49 <a href=\"https:\/\/t.co\/PjNi8HaUNr\" rel=\"nofollow\">https:\/\/t.co\/PjNi8HaUNr<\/a> <a href=\"https:\/\/t.co\/xj3573kgVl\" rel=\"nofollow\">pic.twitter.com\/xj3573kgVl<\/a><\/p>\n<p>\u2014 M\u00e9t\u00e9o-France (@meteofrance) <a href=\"https:\/\/twitter.com\/meteofrance\/status\/1936471861350498473?ref_src=twsrc%5Etfw\" rel=\"nofollow noopener\" target=\"_blank\">June 21, 2025<\/a><\/p><\/blockquote>\n<p class=\"paragraph text_align_left lp-f-body-02\">\u00c0 17 heures, Ch\u00e2teaumeillant (Cher) a enregistr\u00e9 la temp\u00e9rature la plus haute avec 39,5 \u00b0C, suivie de Carcassonne (Aude) avec 39,2 \u00b0C. \u00c0 Tusson (Charente-Maritime), le thermom\u00e8tre a atteint 38,9 \u00b0C, \u00e9galant le record mensuel du 18 juin 2022.<\/p>\n<p class=\"paragraph text_align_left lp-f-body-02\">D\u2019autres temp\u00e9ratures notables incluent 38,9 \u00b0C \u00e0 Melle (Deux-S\u00e8vres), 38,8 \u00b0C \u00e0 La Couronne (Charente), et 38,5 \u00b0C \u00e0 Civray (Vienne). Dans le Sud, Vinsobres (Dr\u00f4me) a relev\u00e9 38,2 \u00b0C et Grospierres (Ard\u00e8che) 38,1 \u00b0C. Toulouse (Haute-Garonne) a atteint 37,8 \u00b0C.<\/p>\n<p class=\"title-embed-dailymotion lp-color-text lp-f-subtitle-04\">Vid\u00e9oVague de chaleur : le pic de l&rsquo;\u00e9pisode atteint ce samedi<\/p>\n<p class=\"paragraph text_align_left lp-f-body-02\">En Indre-et-Loire, \u00e0 Reignac, il a fait 37,2 \u00b0C, tandis que 37 \u00b0C \u00e9taient mesur\u00e9s \u00e0 Rennes (Ille-et-Vilaine). Fontenay (Vend\u00e9e) a connu 36,5 \u00b0C. Nantes (Loire-Atlantique) a affich\u00e9 34,4 \u00b0C. Et dans les C\u00f4tes-d\u2019Armor, Saint-Cast-le-Guildo a battu son record (33,6 \u00b0C en juin 2017) avec 34,3 \u00b0C, tandis que Lanleff a atteint 34 \u00b0C.<\/p>\n<p class=\"paragraph text_align_left lp-f-body-02\">En \u00cele-de-France, la temp\u00e9rature maximale de la journ\u00e9e a \u00e9t\u00e9 enregistr\u00e9e \u00e0 Paris, avec 36 degr\u00e9s, et 35 degr\u00e9s dans les d\u00e9partements de petite couronne. Il a fait \u00e9galement entre 34 et 36 degr\u00e9s dans le reste des d\u00e9partements franciliens.<\/p>\n<p><img decoding=\"async\" class=\"image \" loading=\"lazy\" src=\"https:\/\/www.europesays.com\/fr\/wp-content\/uploads\/2025\/06\/5I4U7N6EF5BVPDDYVKHTBXAP3Q.jpg\" alt=\"\" align=\"\" data-rubrique-principale=\"\" data-article-type=\"\" fetchpriority=\"auto\"\/><\/p>\n<p class=\"paragraph text_align_left lp-f-body-02\">\u00ab Ce samedi apr\u00e8s-midi constituait le pic de l\u2019\u00e9pisode sur une grande moiti\u00e9 sud-ouest du pays (\u00cele-de-France incluse) \u00bb, a indiqu\u00e9 M\u00e9t\u00e9o France, qui avait plac\u00e9 seize d\u00e9partements en vigilance orange en raison des hautes temp\u00e9ratures.<\/p>\n<p class=\"title-embed-dailymotion lp-color-text lp-f-subtitle-04\">Vid\u00e9oOn a demand\u00e9 de l&rsquo;eau gratuite dans des palaces<\/p>\n<p>Coup de chaud dans le Rh\u00f4ne et l\u2019Is\u00e8re dimanche<\/p>\n<p class=\"paragraph text_align_left lp-f-body-02\">Dimanche matin, cette moiti\u00e9 ouest surchauff\u00e9e conna\u00eetra enfin un rafra\u00eechissement. Et plus \u00e0 l\u2019est du pays, ce sont les d\u00e9partements du Rh\u00f4ne et de l\u2019Is\u00e8re qui passeront en orange.<\/p>\n<p class=\"paragraph text_align_left lp-f-body-02\">\u00ab On pourrait atteindre 35 \u00e0 36 \u00b0C dans les plaines de l\u2019Is\u00e8re et le bassin grenoblois \u00bb dimanche apr\u00e8s-midi, et \u00ab jusqu\u2019\u00e0 36-38\u00b0C en vall\u00e9e du Rh\u00f4ne au nord de Valence y compris dans l\u2019agglom\u00e9ration lyonnaise \u00bb, avertit M\u00e9t\u00e9o France. Sur la moiti\u00e9 est du pays, des pics sont aussi attendus dimanche, allant de 34 \u00b0C \u00e0 37 \u00b0C.<\/p>\n<p class=\"paragraph text_align_left lp-f-body-02\">Dans ce contexte, le ministre de la Sant\u00e9 Yannick Neuder a insist\u00e9 sur \u00ab les r\u00e8gles essentielles : ne pas s\u2019exposer \u00e0 la chaleur, particuli\u00e8rement entre 11 heures du matin et 16 heures (\u2026) se couvrir, mettre des chapeaux, des casquettes, de la cr\u00e8me \u00bb.<\/p>\n<p class=\"paragraph text_align_left lp-f-body-02\">Cette vague est la 50e vague de chaleur recens\u00e9e par M\u00e9t\u00e9o France depuis 1947, et l\u2019une des plus pr\u00e9coces. \u00ab Vingt-cinq \u00bb \u00e9pisodes de chaleur \u00ab ont \u00e9t\u00e9 observ\u00e9s entre 1947 et 2010 \u00bb puis \u00ab 25 d\u00e9j\u00e0 entre 2011 et 2025 \u00bb, ce qui \u00ab montre bien l\u2019acc\u00e9l\u00e9ration \u00bb de la fr\u00e9quence sur fond de r\u00e9chauffement climatique, souligne Lauriane Batt\u00e9, climatologue de M\u00e9t\u00e9o France.<\/p>\n<p><script async src=\"https:\/\/platform.twitter.com\/widgets.js\" charset=\"utf-8\"><\/script><\/p>\n","protected":false},"excerpt":{"rendered":"Un solstice d\u2019\u00e9t\u00e9 marqu\u00e9 par de tr\u00e8s hautes temp\u00e9ratures. La barre des 39 \u00b0C a \u00e9t\u00e9 d\u00e9pass\u00e9e dans&hellip;\n","protected":false},"author":2,"featured_media":194273,"comment_status":"","ping_status":"","sticky":false,"template":"","format":"standard","meta":{"footnotes":""},"categories":[1888],"tags":[1111,1928,11,1927,1777,674,1011,27,2487,12,1926,626,1925,25],"class_list":{"0":"post-194272","1":"post","2":"type-post","3":"status-publish","4":"format-standard","5":"has-post-thumbnail","7":"category-paris","8":"tag-actu","9":"tag-actu-paris","10":"tag-actualites","11":"tag-actualites-paris","12":"tag-eu","13":"tag-europe","14":"tag-fr","15":"tag-france","16":"tag-meteo","17":"tag-news","18":"tag-news-paris","19":"tag-paris","20":"tag-paris-news","21":"tag-republique-francaise"},"share_on_mastodon":{"url":"https:\/\/pubeurope.com\/@fr\/114723288823666320","error":""},"_links":{"self":[{"href":"https:\/\/www.europesays.com\/fr\/wp-json\/wp\/v2\/posts\/194272","targetHints":{"allow":["GET"]}}],"collection":[{"href":"https:\/\/www.europesays.com\/fr\/wp-json\/wp\/v2\/posts"}],"about":[{"href":"https:\/\/www.europesays.com\/fr\/wp-json\/wp\/v2\/types\/post"}],"author":[{"embeddable":true,"href":"https:\/\/www.europesays.com\/fr\/wp-json\/wp\/v2\/users\/2"}],"replies":[{"embeddable":true,"href":"https:\/\/www.europesays.com\/fr\/wp-json\/wp\/v2\/comments?post=194272"}],"version-history":[{"count":0,"href":"https:\/\/www.europesays.com\/fr\/wp-json\/wp\/v2\/posts\/194272\/revisions"}],"wp:featuredmedia":[{"embeddable":true,"href":"https:\/\/www.europesays.com\/fr\/wp-json\/wp\/v2\/media\/194273"}],"wp:attachment":[{"href":"https:\/\/www.europesays.com\/fr\/wp-json\/wp\/v2\/media?parent=194272"}],"wp:term":[{"taxonomy":"category","embeddable":true,"href":"https:\/\/www.europesays.com\/fr\/wp-json\/wp\/v2\/categories?post=194272"},{"taxonomy":"post_tag","embeddable":true,"href":"https:\/\/www.europesays.com\/fr\/wp-json\/wp\/v2\/tags?post=194272"}],"curies":[{"name":"wp","href":"https:\/\/api.w.org\/{rel}","templated":true}]}}