{"id":194274,"date":"2025-06-21T20:40:17","date_gmt":"2025-06-21T20:40:17","guid":{"rendered":"https:\/\/www.europesays.com\/fr\/194274\/"},"modified":"2025-06-21T20:40:17","modified_gmt":"2025-06-21T20:40:17","slug":"un-grand-concert-sous-la-vasque-olympique-de-retour-dans-le-ciel-de-paris","status":"publish","type":"post","link":"https:\/\/www.europesays.com\/fr\/194274\/","title":{"rendered":"un grand concert sous la vasque olympique, de retour dans le ciel de Paris"},"content":{"rendered":"<p>Musiques traditionnelles, rap, techno, classique\u2026 Cette ann\u00e9e encore, pour la 44e F\u00eate de la musique, tous les genres seront \u00e0 l\u2019honneur, dans les bars, rues, parcs et jardins aux quatre coins du pays. Pr\u00e9sent\u00e9 comme le point d\u2019orgue de cette \u00e9dition, un concert gratuit est organis\u00e9, samedi soir, dans les jardins du Louvre, o\u00f9 la vasque olympique s\u2019\u00e9l\u00e8vera dans le ciel sur une version in\u00e9dite d\u2019un tube de Daniel Balavoine.<\/p>\n<p>Quarante ans apr\u00e8s sa sortie, Sauver l\u2019amour, sign\u00e9 d\u2019une des figures de la chanson fran\u00e7aise, s\u2019appr\u00eate \u00e0 rena\u00eetre dans une version \u00e9lectro concoct\u00e9e par\u00a0le compositeur Victor Le Masne, directeur musical des c\u00e9r\u00e9monies des Jeux de Paris en 2024. Cette chanson, destin\u00e9e \u00e9galement aux plateformes de streaming, doit accompagner la premi\u00e8re \u00e9l\u00e9vation de la vasque \u00e0 22\u00a0h\u00a011, pr\u00e9vue chaque soir jusqu\u2019au 14\u00a0septembre aux Tuileries.<\/p>\n<p>35.000 personnes attendues au concert du Louvre<\/p>\n<p>Le concert, qui d\u00e9marrera \u00e0 21\u00a0h, r\u00e9unit 21 artistes dont Abd al Malik, Alex Montembault (\u00ab\u00a0Starmania\u00a0\u00bb), Bernard Lavilliers, Jeanne Added, Kalash, le groupe La Femme ou encore les jeunes talents Solann, Max Baby et Marine, gagnante de la derni\u00e8re saison de la Star Academy.<\/p>\n<p>La programmation inclut aussi des artistes \u00e0 l\u2019\u00e9cho international, comme la chanteuse Camille, oscaris\u00e9e avec son partenaire Cl\u00e9ment Ducol pour la musique du film Emilia Perez\u00a0de Jacques Audiard, Christine and The Queens, projet artistique de Rahim Redcar qui a s\u00e9duit le public am\u00e9ricain, ou le trio de DJs Major Lazer, avec leur carton plan\u00e9taire Lean On. Environ 35.000 spectateurs sont attendus \u00e0 l\u2019\u00e9v\u00e9nement, diffus\u00e9 sur France\u00a02.<\/p>\n<p>Inspir\u00e9 de la phrase de Victor Hugo, \u00ab\u00a0La musique, c\u2019est du bruit qui pense\u00a0\u00bb, le concert parisien des jardins du Louvre entend c\u00e9l\u00e9brer \u00ab\u00a0les plus beaux morceaux du r\u00e9pertoire de ces 40 derni\u00e8res ann\u00e9es [\u2026] pour porter un message de paix\u00a0\u00bb, a annonc\u00e9 le minist\u00e8re de la Culture. The Partisan\u00a0de Leonard Cohen, What\u2019s Going On\u00a0de Marvin Gaye ou encore Redemption Song\u00a0de Bob Marley font partie de cette liste, clin d\u2019\u0153il aux \u00ab\u00a0protest songs\u00a0\u00bb, morceaux contestataires aux accents soci\u00e9taux ou politiques.<\/p>\n<p>Engouement international<\/p>\n<p>Au-del\u00e0 de ce concert, cette ann\u00e9e, la F\u00eate de la musique semble susciter un engouement particulier sur les r\u00e9seaux sociaux aupr\u00e8s des touristes internationaux, notamment britanniques. Nombre d\u2019entre eux expliquent dans des vid\u00e9os sur la plateforme TikTok vouloir se rendre \u00e0 Paris pour l\u2019\u00e9v\u00e9nement, per\u00e7u comme \u00ab\u00a0the place to be\u00a0\u00bb. \u00ab\u00a0Que \u00e7a vous plaise ou non, on arrive\u00a0\u00bb, s\u2019exclame ainsi l\u2019influenceur britannique aux 161.000 abonn\u00e9s Andrew Ola.<\/p>\n<p>Cet \u00e9v\u00e9nement cl\u00f4t la premi\u00e8re France Music Week, semaine internationale de promotion de la fili\u00e8re musicale fran\u00e7aise. D\u2019un co\u00fbt global de 7\u00a0millions d\u2019euros, elle a associ\u00e9 depuis lundi conf\u00e9rences, d\u00e9monstrations et concerts d\u2019artistes \u00e9mergents, dans le but de promouvoir \u00ab\u00a0la richesse de la cr\u00e9ation musicale\u00a0\u00bb tricolore.<\/p>\n<p>L\u2019\u00c9tat s\u2019est \u00e9galement engag\u00e9 \u00e0 financer, \u00e0 travers la banque publique d\u2019investissement Bpifrance, les entreprises de la fili\u00e8re \u00e0 hauteur de 500\u00a0millions d\u2019euros d\u2019ici 2030, notamment pour accompagner des projets de d\u00e9veloppement \u00e0 l\u2019international ou des rachats d\u2019actifs.<\/p>\n<p>Canicule et menace terroriste<\/p>\n<p>Avec la vague de chaleur qui culmine samedi sur l\u2019ensemble de l\u2019Hexagone, surtout dans l\u2019ouest du pays, le ministre de la Sant\u00e9 Yannick Neuder a appel\u00e9 samedi les Fran\u00e7ais \u00e0 s\u2019hydrater et \u00e0 mod\u00e9rer leur consommation d\u2019alcool.<\/p>\n<p>Outre la chaleur, <a target=\"_self\" href=\"https:\/\/www.lanouvellerepublique.fr\/a-la-une\/fete-de-la-musique-bruno-retailleau-appelle-les-prefets-au-maintien-d-une-extreme-vigilance-1750410842\" rel=\"nofollow noopener\">le ministre de l&rsquo;Int\u00e9rieur Bruno Retailleau a demand\u00e9 aux pr\u00e9fets, dans tout le pays, de maintenir \u00ab\u00a0une extr\u00eame vigilance\u00a0\u00bb<\/a>, en raison du \u00ab\u00a0niveau tr\u00e8s \u00e9lev\u00e9 de la menace terroriste\u00a0\u00bb et des risques de d\u00e9bordements.<\/p>\n<p>Et dans nos d\u00e9partements\u00a0?<\/p>\n<p>Comme partout en France, la F\u00eate de la musique se d\u00e9clinera un peu partout dans nos d\u00e9partements. Vous pouvez retrouver tous les concerts pr\u00e9vus pr\u00e8s de chez vous dans les articles ci-dessous\u00a0:<\/p>\n<p>&gt; <a target=\"_self\" href=\"https:\/\/www.lanouvellerepublique.fr\/indre\/carte-que-faire-le-week-end-du-20-au-22-juin-dans-l-indre-1750237866\" rel=\"nofollow noopener\">CARTE. Que faire le week-end du 20 au 22\u00a0juin dans l\u2019Indre\u00a0?<\/a><\/p>\n<p>&gt; <a target=\"_self\" href=\"https:\/\/www.lanouvellerepublique.fr\/indre-et-loire\/fete-de-la-musique-2025-comment-profiter-pleinement-du-week-end-en-indre-et-loire-1750352918\" rel=\"nofollow noopener\">F\u00eate de la musique 2025\u00a0: comment profiter pleinement du week-end en Indre-et-Loire\u00a0?<\/a><\/p>\n<p>&gt; <a target=\"_self\" href=\"https:\/\/www.lanouvellerepublique.fr\/blois\/carte-que-faire-en-loir-et-cher-le-week-end-du-20-au-22-juin-1750150483\" rel=\"nofollow noopener\">CARTE. Que faire en Loir-et-Cher le week-end du 20 au 22\u00a0juin\u00a0?<\/a><\/p>\n<p>&gt; <a target=\"_self\" href=\"https:\/\/www.lanouvellerepublique.fr\/dossiers\/fete-de-la-musique\/fete-de-la-musique-en-deux-sevres\" rel=\"nofollow noopener\">En Deux-S\u00e8vres, tout un programme pour la F\u00eate de la musique<\/a><\/p>\n<p>&gt; <a target=\"_self\" href=\"https:\/\/www.lanouvellerepublique.fr\/centre-presse\/les-concerts-et-spectacles-dans-la-vienne-ce-week-end-du-20-au-22-juin-1750339277\" rel=\"nofollow noopener\">Les concerts et spectacles dans la Vienne ce week-end du 20 au 22\u00a0juin<\/a><\/p>\n","protected":false},"excerpt":{"rendered":"Musiques traditionnelles, rap, techno, classique\u2026 Cette ann\u00e9e encore, pour la 44e F\u00eate de la musique, tous les genres&hellip;\n","protected":false},"author":2,"featured_media":194275,"comment_status":"","ping_status":"","sticky":false,"template":"","format":"standard","meta":{"footnotes":""},"categories":[1888],"tags":[328,11,1777,674,1011,27,329,1698,12,626,25],"class_list":{"0":"post-194274","1":"post","2":"type-post","3":"status-publish","4":"format-standard","5":"has-post-thumbnail","7":"category-paris","8":"tag-a-la-une","9":"tag-actualites","10":"tag-eu","11":"tag-europe","12":"tag-fr","13":"tag-france","14":"tag-france-monde","15":"tag-musiques","16":"tag-news","17":"tag-paris","18":"tag-republique-francaise"},"share_on_mastodon":{"url":"https:\/\/pubeurope.com\/@fr\/114723292683651913","error":""},"_links":{"self":[{"href":"https:\/\/www.europesays.com\/fr\/wp-json\/wp\/v2\/posts\/194274","targetHints":{"allow":["GET"]}}],"collection":[{"href":"https:\/\/www.europesays.com\/fr\/wp-json\/wp\/v2\/posts"}],"about":[{"href":"https:\/\/www.europesays.com\/fr\/wp-json\/wp\/v2\/types\/post"}],"author":[{"embeddable":true,"href":"https:\/\/www.europesays.com\/fr\/wp-json\/wp\/v2\/users\/2"}],"replies":[{"embeddable":true,"href":"https:\/\/www.europesays.com\/fr\/wp-json\/wp\/v2\/comments?post=194274"}],"version-history":[{"count":0,"href":"https:\/\/www.europesays.com\/fr\/wp-json\/wp\/v2\/posts\/194274\/revisions"}],"wp:featuredmedia":[{"embeddable":true,"href":"https:\/\/www.europesays.com\/fr\/wp-json\/wp\/v2\/media\/194275"}],"wp:attachment":[{"href":"https:\/\/www.europesays.com\/fr\/wp-json\/wp\/v2\/media?parent=194274"}],"wp:term":[{"taxonomy":"category","embeddable":true,"href":"https:\/\/www.europesays.com\/fr\/wp-json\/wp\/v2\/categories?post=194274"},{"taxonomy":"post_tag","embeddable":true,"href":"https:\/\/www.europesays.com\/fr\/wp-json\/wp\/v2\/tags?post=194274"}],"curies":[{"name":"wp","href":"https:\/\/api.w.org\/{rel}","templated":true}]}}