{"id":194276,"date":"2025-06-21T20:41:16","date_gmt":"2025-06-21T20:41:16","guid":{"rendered":"https:\/\/www.europesays.com\/fr\/194276\/"},"modified":"2025-06-21T20:41:16","modified_gmt":"2025-06-21T20:41:16","slug":"un-faux-mariage-avec-une-enfant-de-9-ans-met-le-parc-en-emoi-deux-personnes-en-garde-a-vue","status":"publish","type":"post","link":"https:\/\/www.europesays.com\/fr\/194276\/","title":{"rendered":"un faux mariage avec une enfant de 9\u00a0ans met le parc en \u00e9moi, deux personnes en garde \u00e0 vue"},"content":{"rendered":"<p>        <img decoding=\"async\" loading=\"lazy\" src=\"https:\/\/www.europesays.com\/fr\/wp-content\/uploads\/2025\/06\/05e6c6e_1685454557512-gettyimages-1255904019.jpg\"  width=\"728\" height=\"409\" alt=\"Les suspects de cette mise en sc\u00e8ne \u00ab\u00a0ont privatis\u00e9 Disneyland Paris en pr\u00e9tendant qu\u2019il s\u2019agissait d\u2019un vrai mariage\u00a0\u00bb, affirme le procureur de la R\u00e9publique adjoint de Meaux.\"\/>  <\/p>\n<p>Chesnot \/ Getty Images<\/p>\n<p>Les suspects de cette mise en sc\u00e8ne \u00ab\u00a0ont privatis\u00e9 Disneyland Paris en pr\u00e9tendant qu\u2019il s\u2019agissait d\u2019un vrai mariage\u00a0\u00bb, affirme le procureur de la R\u00e9publique adjoint de Meaux.<\/p>\n<p class=\"asset asset-text\">FRANCE &#8211; C\u2019est une \u00ab\u00a0mise en sc\u00e8ne\u00a0\u00bb invraisemblable qui s\u2019est produite ce samedi 21\u00a0juin \u00e0 <a href=\"https:\/\/www.huffingtonpost.fr\/justice\/article\/disneyland-paris-ecope-d-une-lourde-amende-pour-ses-pass-annuels-pas-vraiment-illimites_235938.html\" target=\"_blank\" rel=\"noopener\">Disneyland Paris<\/a>. Comme cela arrive, une partie du <a href=\"https:\/\/www.huffingtonpost.fr\/international\/article\/au-royaume-uni-universal-va-ouvrir-son-premier-parc-d-attractions-en-europe_248582.html\" target=\"_blank\" rel=\"noopener\">parc d\u2019attractions <\/a>avait \u00e9t\u00e9 privatis\u00e9e t\u00f4t ce matin par un citoyen \u00e9tranger pour un \u00ab\u00a0mariage\u00a0\u00bb. Mais il s\u2019est av\u00e9r\u00e9 que la mari\u00e9e en question&#8230; \u00e9tait une fillette ukrainienne de 9\u00a0ans, alors qu\u2019une centaine de figurants avait \u00e9t\u00e9 recrut\u00e9e en tant que convives pour cet \u00e9v\u00e9nement.<\/p>\n<p class=\"asset asset-text\">Tr\u00e8s vite ce matin, la police a \u00e9t\u00e9 alert\u00e9e de ce qu\u2019il se d\u00e9roulait dans le parc, et a pu intervenir pour interrompre la pr\u00e9tendue c\u00e9r\u00e9monie. Deux personnes ont \u00e9t\u00e9 plac\u00e9es en garde \u00e0 vue \u00e0 Meaux pour \u00e9claircir les circonstances de ce qui s\u2019est d\u00e9roul\u00e9, a appris l\u2019AFP de source judiciaire. Une enqu\u00eate a \u00e9galement \u00e9t\u00e9 ouverte par le parquet de Meaux, sans que l\u2019on sache pour l\u2019instant sous quelle qualification.<\/p>\n<p class=\"asset asset-text\">Et des premiers \u00e9l\u00e9ments communiqu\u00e9s par la justice, ce mariage \u00e9tait en tout cas bel et bien un faux. \u00ab\u00a0L\u2019\u00e9v\u00e8nement s\u2019est av\u00e9r\u00e9 \u00eatre une mise en sc\u00e8ne, les convives \u00e9tant eux-m\u00eames des figurants\u00a0\u00bb, a pr\u00e9cis\u00e9 dans un communiqu\u00e9 le procureur de la R\u00e9publique adjoint de la ville de Meaux, Alexandre Verney. \u00ab\u00a0Ce n\u2019\u00e9tait donc pas un mariage, mais une mise en sc\u00e8ne de mariage film\u00e9e avec une centaine de figurants, ils ont privatis\u00e9 Disneyland Paris en pr\u00e9tendant qu\u2019il s\u2019agissait d\u2019un vrai mariage\u00a0\u00bb, a expliqu\u00e9 \u00e0 l\u2019AFP le magistrat.<\/p>\n<p>    \u00ab\u00a0\u00c0 aucun moment il n\u2019a \u00e9t\u00e9 question d\u2019un tournage\u00a0\u00bb    <\/p>\n<p class=\"asset asset-text\">\u00c0 la suite de l\u2019intervention de la police, quatre personnes avaient \u00e9t\u00e9 interpell\u00e9es et plac\u00e9es en garde \u00e0 vue. L\u2019audition de deux d\u2019entre elles a \u00e9t\u00e9 prolong\u00e9e ce samedi soir, suspect\u00e9es d\u2019escroquerie et de blanchiment\u00a0: le dit \u00ab\u00a0mari\u00e9\u00a0\u00bb suppos\u00e9 \u00e0 l\u2019origine de l\u2019\u00e9v\u00e8nement, 22\u00a0ans et \u00ab\u00a0pr\u00e9sum\u00e9 britannique\u00a0\u00bb, et une femme de 24\u00a0ans, de nationalit\u00e9 lettone. Selon une source polici\u00e8re aupr\u00e8s du <a href=\"https:\/\/www.leparisien.fr\/faits-divers\/un-homme-privatise-disneyland-paris-pour-son-mariage-avec-une-fillette-de-9-ans-21-06-2025-7AK6C67J6FFUTPNWWI3GCFDECI.php\" target=\"_blank\" rel=\"noopener\" title=\"Nouvelle fen\u00eatre\">Parisien<\/a>, l\u2019homme a confirm\u00e9 qu\u2019il s\u2019agissait d\u2019un tournage, et qu\u2019il est directeur d\u2019une bo\u00eete de production.<\/p>\n<p class=\"asset asset-text\">En revanche, les gardes \u00e0 vue ont \u00e9t\u00e9 lev\u00e9es pour la m\u00e8re de la fillette, une femme de 41\u00a0ans de nationalit\u00e9 ukrainienne, et celle d\u2019un homme de 55\u00a0ans, de nationalit\u00e9 lettone. Les investigations, dont l\u2019examen m\u00e9dical de la jeune fille de 9\u00a0ans, de nationalit\u00e9 ukrainienne, ont permis de constater que \u00ab\u00a0celle-ci n\u2019avait subi aucune violence ni aucun acte contraint\u00a0\u00bb, a indiqu\u00e9 le parquet. De son c\u00f4t\u00e9, le parc Disneyland Paris affirme avoir \u00ab\u00a0d\u00e9pos\u00e9 une plainte aupr\u00e8s des autorit\u00e9s comp\u00e9tentes\u00a0\u00bb.<\/p>\n<p class=\"asset asset-text\">Les figurants, en revanche, n\u2019avaient pas la moindre id\u00e9e de ce \u00e0 quoi ils s\u2019appr\u00eataient \u00e0 assister. \u00ab\u00a0\u00c0 aucun moment il n\u2019a \u00e9t\u00e9 question d\u2019un tournage. On a tous cru qu\u2019on allait assister \u00e0 un mariage. Tout le monde \u00e9tait abasourdi, personne ne s\u2019y attendait\u00a0\u00bb, a affirm\u00e9 aupr\u00e8s du Parisien un t\u00e9moin pr\u00e9sent au sein du parc d\u2019attractions ce samedi matin. M\u00eame r\u00e9cit du c\u00f4t\u00e9 d\u2019une autre figurante aupr\u00e8s de <a href=\"https:\/\/www.bfmtv.com\/police-justice\/video-disneyland-4-personnes-placees-en-garde-a-vue-pour-soupcon-de-faux-mariage-avec-une-fillette-de-9-ans_VN-202506210288.html\" target=\"_blank\" rel=\"noopener\" title=\"Nouvelle fen\u00eatre\">BFMTV<\/a>, qui raconte avoir \u00ab\u00a0\u00e9clat\u00e9 en sanglots\u00a0\u00bb apr\u00e8s avoir d\u00e9couvert que la soi-disant mari\u00e9e \u00e9tait un enfant.<\/p>\n","protected":false},"excerpt":{"rendered":"Chesnot \/ Getty Images Les suspects de cette mise en sc\u00e8ne \u00ab\u00a0ont privatis\u00e9 Disneyland Paris en pr\u00e9tendant qu\u2019il&hellip;\n","protected":false},"author":2,"featured_media":194277,"comment_status":"","ping_status":"","sticky":false,"template":"","format":"standard","meta":{"footnotes":""},"categories":[1888],"tags":[11,520,7791,4906,1777,674,1011,27,303,12,626,25],"class_list":{"0":"post-194276","1":"post","2":"type-post","3":"status-publish","4":"format-standard","5":"has-post-thumbnail","7":"category-paris","8":"tag-actualites","9":"tag-disney","10":"tag-disneyland","11":"tag-disneyland-paris","12":"tag-eu","13":"tag-europe","14":"tag-fr","15":"tag-france","16":"tag-justice","17":"tag-news","18":"tag-paris","19":"tag-republique-francaise"},"share_on_mastodon":{"url":"https:\/\/pubeurope.com\/@fr\/114723296824377135","error":""},"_links":{"self":[{"href":"https:\/\/www.europesays.com\/fr\/wp-json\/wp\/v2\/posts\/194276","targetHints":{"allow":["GET"]}}],"collection":[{"href":"https:\/\/www.europesays.com\/fr\/wp-json\/wp\/v2\/posts"}],"about":[{"href":"https:\/\/www.europesays.com\/fr\/wp-json\/wp\/v2\/types\/post"}],"author":[{"embeddable":true,"href":"https:\/\/www.europesays.com\/fr\/wp-json\/wp\/v2\/users\/2"}],"replies":[{"embeddable":true,"href":"https:\/\/www.europesays.com\/fr\/wp-json\/wp\/v2\/comments?post=194276"}],"version-history":[{"count":0,"href":"https:\/\/www.europesays.com\/fr\/wp-json\/wp\/v2\/posts\/194276\/revisions"}],"wp:featuredmedia":[{"embeddable":true,"href":"https:\/\/www.europesays.com\/fr\/wp-json\/wp\/v2\/media\/194277"}],"wp:attachment":[{"href":"https:\/\/www.europesays.com\/fr\/wp-json\/wp\/v2\/media?parent=194276"}],"wp:term":[{"taxonomy":"category","embeddable":true,"href":"https:\/\/www.europesays.com\/fr\/wp-json\/wp\/v2\/categories?post=194276"},{"taxonomy":"post_tag","embeddable":true,"href":"https:\/\/www.europesays.com\/fr\/wp-json\/wp\/v2\/tags?post=194276"}],"curies":[{"name":"wp","href":"https:\/\/api.w.org\/{rel}","templated":true}]}}