{"id":194278,"date":"2025-06-21T20:42:18","date_gmt":"2025-06-21T20:42:18","guid":{"rendered":"https:\/\/www.europesays.com\/fr\/194278\/"},"modified":"2025-06-21T20:42:18","modified_gmt":"2025-06-21T20:42:18","slug":"zelensky-accuse-moscou-de-faire-passer-des-cadavres-russes-pour-des-depouilles-de-soldats-ukrainiens-2","status":"publish","type":"post","link":"https:\/\/www.europesays.com\/fr\/194278\/","title":{"rendered":"Zelensky accuse Moscou de faire passer des cadavres russes pour des d\u00e9pouilles de soldats ukrainiens"},"content":{"rendered":"<p><strong>R\u00e9cap &#8211; \u00ab 20 Minutes \u00bb fait le point pour vous tous les soirs sur le conflit en Ukraine. Ce samedi,<\/strong><\/p>\n<p>Vous avez rat\u00e9 les derniers \u00e9v\u00e9nements sur la <a href=\"https:\/\/www.20minutes.fr\/monde\/ukraine\/?at_medium=RSS%20feed&amp;at_campaign=ynews&amp;utm_source=yahoo&amp;utm_medium=rss&amp;utm_campaign=news_feed&amp;utm_content=in_article_link\" rel=\"nofollow noopener\" target=\"_blank\" data-ylk=\"slk:guerre en Ukraine;elm:context_link;itc:0;sec:content-canvas\" class=\"link \">guerre en Ukraine<\/a> ? 20 Minutes fait le point pour vous tous les soirs. Voici l\u2019essentiel de ce samedi 21 juin 2025, 1.214e jour du conflit.<\/p>\n<p>Le fait du jour<\/p>\n<p>Il est libre ! Sergue\u00ef Tikhanovski, mari de la figure de l\u2019opposition b\u00e9larusse en exil Svetlana Tikhanovska\u00efa, a \u00e9t\u00e9 lib\u00e9r\u00e9 samedi de prison avec 13 autres personnes. Sergue\u00ef Tikhanovski fait partie des tr\u00e8s nombreuses victimes de la r\u00e9pression ayant suivi la r\u00e9\u00e9lection, en 2020, d\u2019Alexandre Loukachenko, \u00e0 la t\u00eate du pays depuis trente ans<\/p>\n<p>Il y a cinq ans, Sergue\u00ef Tikhanovski avait \u00e9t\u00e9 au c\u0153ur du grand mouvement de contestation \u00e9cras\u00e9 dans la violence par Alexandre Loukachenko, soutien ind\u00e9fectible de Vladimir Poutine.<\/p>\n<p>Svetlana Tikhanovska\u00efa a, elle, publi\u00e9 une vid\u00e9o la montrant serrer longuement dans ses bras un homme au cr\u00e2ne ras\u00e9 qui l\u2019embrasse dans le cou. Elle a ensuite diffus\u00e9 un message, sur X, en remerciant notamment le pr\u00e9sident am\u00e9ricain Donald Trump et \u00ab nos alli\u00e9s europ\u00e9ens \u00bb pour \u00ab tous leurs efforts \u00bb.<\/p>\n<p>La lib\u00e9ration de l\u2019opposant a \u00e9t\u00e9 qualifi\u00e9e de \u00ab nouvelle fantastique \u00bb et de \u00ab symbole d\u2019espoir \u00bb pour tous les prisonniers politiques au B\u00e9larus, par la pr\u00e9sidente de la Commission europ\u00e9enne, Ursula von der Leyen, qui a r\u00e9it\u00e9r\u00e9 son appel \u00e0 \u00ab leur lib\u00e9ration imm\u00e9diate \u00bb, sur X.<\/p>\n<p>La d\u00e9claration du jour<\/p>\n<blockquote class=\"caas-blockquote\">\n<p>\u00ab La F\u00e9d\u00e9ration de Russie re\u00e7oit des machines-outils de certains pays qu\u2019ils utilisent pour fabriquer des armements \u00bb<\/p>\n<\/blockquote>\n<p>Volodymyr Zelensky a affirm\u00e9 que des entreprise(&#8230;)<\/p>\n<p><a href=\"https:\/\/www.20minutes.fr\/monde\/ukraine\/4159746-20250621-guerre-ukraine-zelensky-accuse-moscou-faire-passer-cadavres-russes-depouilles-soldats-ukrainiens?at_medium=RSS%20feed&amp;at_campaign=ynews&amp;utm_source=yahoo&amp;utm_medium=rss&amp;utm_campaign=news_feed&amp;utm_content=read_more_link\" rel=\"nofollow noopener\" target=\"_blank\" data-ylk=\"slk:Lire la suite sur 20minutes;elm:context_link;itc:0;sec:content-canvas\" class=\"link \">Lire la suite sur 20minutes<\/a><\/p>\n<p>\u00c0 lire aussi :<br \/><a href=\"https:\/\/www.20minutes.fr\/monde\/russie\/4159143-20250620-russie-iran-aussi-bachar-el-assad-armenie-vladimir-poutine-lache-toujours-allies?at_medium=RSS%20feed&amp;at_campaign=ynews&amp;utm_source=yahoo&amp;utm_medium=rss&amp;utm_campaign=news_feed&amp;utm_content=related_content_link\" rel=\"nofollow noopener\" target=\"_blank\" data-ylk=\"slk:Russie : L\u2019Iran, mais aussi Bachar el-Assad ou l\u2019Arm\u00e9nie\u2026 Vladimir Poutine l\u00e2che-t-il toujours ses alli\u00e9s ?;elm:context_link;itc:0;sec:content-canvas\" class=\"link \">Russie : L\u2019Iran, mais aussi Bachar el-Assad ou l\u2019Arm\u00e9nie\u2026 Vladimir Poutine l\u00e2che-t-il toujours ses alli\u00e9s ?<\/a><br \/><a href=\"https:\/\/www.20minutes.fr\/monde\/ukraine\/4159426-20250619-guerre-ukraine-poutine-bombe-torse-face-otan-russie-ukraine-font-echange?at_medium=RSS%20feed&amp;at_campaign=ynews&amp;utm_source=yahoo&amp;utm_medium=rss&amp;utm_campaign=news_feed&amp;utm_content=related_content_link\" rel=\"nofollow noopener\" target=\"_blank\" data-ylk=\"slk:Guerre en Ukraine : Poutine bombe le torse face \u00e0 l\u2019Otan, Ukraine et Russie font un \u00e9change;elm:context_link;itc:0;sec:content-canvas\" class=\"link \">Guerre en Ukraine : Poutine bombe le torse face \u00e0 l\u2019Otan, Ukraine et Russie font un \u00e9change<\/a><\/p>\n","protected":false},"excerpt":{"rendered":"R\u00e9cap &#8211; \u00ab 20 Minutes \u00bb fait le point pour vous tous les soirs sur le conflit en&hellip;\n","protected":false},"author":2,"featured_media":194279,"comment_status":"","ping_status":"","sticky":false,"template":"","format":"standard","meta":{"footnotes":""},"categories":[1591],"tags":[642,11,1887,33320,12,1885,1886,132,33321,220,135],"class_list":{"0":"post-194278","1":"post","2":"type-post","3":"status-publish","4":"format-standard","5":"has-post-thumbnail","7":"category-russie","8":"tag-20-minutes","9":"tag-actualites","10":"tag-federation-de-russie","11":"tag-loukachenko","12":"tag-news","13":"tag-russia","14":"tag-russian-federation","15":"tag-russie","16":"tag-serguei-tikhanovski","17":"tag-ukraine","18":"tag-vladimir-poutine"},"share_on_mastodon":{"url":"https:\/\/pubeurope.com\/@fr\/114723300498746697","error":""},"_links":{"self":[{"href":"https:\/\/www.europesays.com\/fr\/wp-json\/wp\/v2\/posts\/194278","targetHints":{"allow":["GET"]}}],"collection":[{"href":"https:\/\/www.europesays.com\/fr\/wp-json\/wp\/v2\/posts"}],"about":[{"href":"https:\/\/www.europesays.com\/fr\/wp-json\/wp\/v2\/types\/post"}],"author":[{"embeddable":true,"href":"https:\/\/www.europesays.com\/fr\/wp-json\/wp\/v2\/users\/2"}],"replies":[{"embeddable":true,"href":"https:\/\/www.europesays.com\/fr\/wp-json\/wp\/v2\/comments?post=194278"}],"version-history":[{"count":0,"href":"https:\/\/www.europesays.com\/fr\/wp-json\/wp\/v2\/posts\/194278\/revisions"}],"wp:featuredmedia":[{"embeddable":true,"href":"https:\/\/www.europesays.com\/fr\/wp-json\/wp\/v2\/media\/194279"}],"wp:attachment":[{"href":"https:\/\/www.europesays.com\/fr\/wp-json\/wp\/v2\/media?parent=194278"}],"wp:term":[{"taxonomy":"category","embeddable":true,"href":"https:\/\/www.europesays.com\/fr\/wp-json\/wp\/v2\/categories?post=194278"},{"taxonomy":"post_tag","embeddable":true,"href":"https:\/\/www.europesays.com\/fr\/wp-json\/wp\/v2\/tags?post=194278"}],"curies":[{"name":"wp","href":"https:\/\/api.w.org\/{rel}","templated":true}]}}