{"id":19428,"date":"2025-04-12T08:27:27","date_gmt":"2025-04-12T08:27:27","guid":{"rendered":"https:\/\/www.europesays.com\/fr\/19428\/"},"modified":"2025-04-12T08:27:27","modified_gmt":"2025-04-12T08:27:27","slug":"nouvelle-maison-du-velo-a-nice-le-nouveau-qg-des-cyclistes","status":"publish","type":"post","link":"https:\/\/www.europesays.com\/fr\/19428\/","title":{"rendered":"Nouvelle Maison du v\u00e9lo \u00e0 Nice: le nouveau QG des cyclistes?"},"content":{"rendered":"<p>\u00ab\u00a0On esp\u00e8re que cette maison des v\u00e9los devienne un lieu repaire pour tous les cyclistes, les sportifs comme ceux du dimanche, s\u2019enthousiasme Marjorie Durif, de l\u2019association Cyclotrope. Et qu\u2019il s\u2019y passe plein d\u2019animations, des projections de films, des rencontres&#8230;\u00a0\u00bb<\/p>\n<p>Ce jeudi 10 avril, avait lieu l\u2019inauguration de <a href=\"https:\/\/www.nicematin.com\/vie-locale\/tout-ce-quil-faut-savoir-sur-la-maison-du-velo-qui-devrait-ouvrir-ses-portes-en-2023-a-nice-806513\" rel=\"nofollow noopener\" target=\"_blank\">la Maison du v\u00e9lo m\u00e9tropolitaine,<\/a> au 12 rue de Suisse, derri\u00e8re la Basilique Notre-Dame. \u00c0 l\u2019int\u00e9rieur, <strong>deux associations: Cyclotrope, et Viav\u00e9lo.<\/strong><\/p>\n<p>La premi\u00e8re, une \u00ab\u00a0v\u00e9lo \u00e9cole\u00a0\u00bb, accompagne et encourage la pratique cycliste, notamment via <strong>la mise en place d\u2019actions aupr\u00e8s de diff\u00e9rents publics<\/strong>. \u00ab\u00a0Il y a beaucoup de gens qui nous disent \u2018\u2018\u00e7a fait 20 ans que je n\u2019ai pas fait de v\u00e9lo, mais je vois qu\u2019il y a de plus en plus de pistes cyclables dans la ville, et j\u2019ai peur de m\u2019y remettre\u2019\u2019, explique Marjorie Durif. C\u2019est l\u00e0 que nous, on intervient, on se d\u00e9place un peu partout.\u00a0\u00bb<\/p>\n<p>L\u2019association Viav\u00e9lo, elle, a d\u00e9m\u00e9nag\u00e9 son atelier au sein de cette nouvelle maison. Roger N\u00e9ri, le pr\u00e9sident, est ravi de ce partenariat avec la M\u00e9tropole. \u00ab\u00a0On a moins de frais, avec un espace beaucoup plus grand qu\u2019avant, c\u2019est super.\u00a0\u00bb<\/p>\n<p>\u00c0 l\u2019int\u00e9rieur, des v\u00e9los suspendus, sur lesquels <strong>des b\u00e9n\u00e9voles en t-shirt orange sigl\u00e9s Viav\u00e9lo r\u00e8glent les d\u00e9railleurs, contr\u00f4lent les freins<\/strong>&#8230; Moyennant une adh\u00e9sion annuelle de 20 euros, tout le monde peut venir apprendre \u00e0 r\u00e9parer et entretenir sa bicyclette. Et il y a m\u00eame des v\u00e9los d\u2019occasions \u00e0 vendre, retap\u00e9s par les b\u00e9n\u00e9voles.<\/p>\n<p>\u00ab\u00a0C\u2019est central, avec un acc\u00e8s facile par les transports en commun, des pistes cyclables&#8230; et \u00e7a refait vivre ce quartier, se f\u00e9licite Am\u00e9li Gallo, charg\u00e9e de mission v\u00e9lo \u00e0 la M\u00e9tropole. L\u2019id\u00e9e, c\u2019est aussi de montrer que les cyclistes ne sont pas que des r\u00e2leurs, et de faire \u00e9merger la culture v\u00e9lo sur le territoire.\u00a0\u00bb<\/p>\n<p>Un quartier qui change<\/p>\n<p>Christian Estrosi, le maire de Nice, est venu inaugurer cette Maison du v\u00e9lo, dans <a href=\"https:\/\/www.nicematin.com\/vie-locale\/stationnement-securite-sante-circulation-les-annonces-de-christian-estrosi-pour-ce-quartier-de-nice-978798\" rel=\"nofollow noopener\" target=\"_blank\">ce quartier du c\u0153ur de ville, touch\u00e9 par le trafic de drogue et la prostitution, en voie de gentrification.<\/a> Un quartier class\u00e9 \u00ab\u00a0Programme national de requalification des quartiers anciens d\u00e9grad\u00e9s\u00a0\u00bb, qui permet \u00e0 la Ville de b\u00e9n\u00e9ficier de cr\u00e9dits de l\u2019\u00c9tat.<\/p>\n<p>Il savoure. \u00ab\u00a0On a reconquis beaucoup de meubl\u00e9s en tr\u00e8s mauvais \u00e9tat et mal fr\u00e9quent\u00e9, des enseignes qui posaient des probl\u00e8mes&#8230; Petit \u00e0 petit, le quartier est en train de se redresser, dit-il. On a notre cr\u00e8che \u00e0 c\u00f4t\u00e9, notre centre AnimaNice, c\u2019est bien, \u00e7a correspond \u00e0 l\u2019\u00e9tat d\u2019esprit du quartier.\u00a0\u00bb<\/p>\n<p>La Maison du v\u00e9lo remplace <a href=\"https:\/\/www.nicematin.com\/faits-divers\/mosquee-rue-de-suisse-la-ville-se-donne-du-temps-368043\" rel=\"nofollow noopener\" target=\"_blank\">une salle de pri\u00e8re musulmane de la communaut\u00e9 tch\u00e9tch\u00e8ne<\/a>, qui avait fait parler d\u2019elle il y a une dizaine d\u2019ann\u00e9es \u00e0 cause de pri\u00e8res de rue le vendredi, du fait de l\u2019exigu\u00eft\u00e9 des locaux. <a href=\"https:\/\/www.nicematin.com\/vie-locale\/le-maire-de-nice-annonce-la-fermeture-dune-salle-de-prieres-du-centre-ville-284756\" rel=\"nofollow noopener\" target=\"_blank\">La mairie avait pr\u00e9empt\u00e9 les lieux en 2011, avant de fermer la salle de pri\u00e8re \u00e0 l\u2019\u00e9t\u00e9 2019.<\/a> \u00ab\u00a0Ils ont retrouv\u00e9 un local plus bas rue Reine Jeanne, qu\u2019ils g\u00e8rent d\u2019ailleurs de mani\u00e8re exemplaire. Donc c\u2019est gagnant gagnant\u00a0\u00bb, dit Christian Estrosi.<\/p>\n<p>Il y a quelque semaine, rue d\u2019Angleterre, non loin, un taxi phone \u2013 Royal Com \u2013 a \u00e9galement \u00e9t\u00e9 pr\u00e9empt\u00e9 par la mairie pour cause de nuisances. Il devrait \u00eatre investi par la cellule d\u2019intervention mutualis\u00e9e de la police municipale.<\/p>\n","protected":false},"excerpt":{"rendered":"\u00ab\u00a0On esp\u00e8re que cette maison des v\u00e9los devienne un lieu repaire pour tous les cyclistes, les sportifs comme&hellip;\n","protected":false},"author":2,"featured_media":19429,"comment_status":"","ping_status":"","sticky":false,"template":"","format":"standard","meta":{"footnotes":""},"categories":[2819],"tags":[1111,11,1777,674,1011,27,12,2401,882,25,3366],"class_list":{"0":"post-19428","1":"post","2":"type-post","3":"status-publish","4":"format-standard","5":"has-post-thumbnail","7":"category-nice","8":"tag-actu","9":"tag-actualites","10":"tag-eu","11":"tag-europe","12":"tag-fr","13":"tag-france","14":"tag-news","15":"tag-nice","16":"tag-provence-alpes-cote-dazur","17":"tag-republique-francaise","18":"tag-vie-locale"},"share_on_mastodon":{"url":"https:\/\/pubeurope.com\/@fr\/114324048636874007","error":""},"_links":{"self":[{"href":"https:\/\/www.europesays.com\/fr\/wp-json\/wp\/v2\/posts\/19428","targetHints":{"allow":["GET"]}}],"collection":[{"href":"https:\/\/www.europesays.com\/fr\/wp-json\/wp\/v2\/posts"}],"about":[{"href":"https:\/\/www.europesays.com\/fr\/wp-json\/wp\/v2\/types\/post"}],"author":[{"embeddable":true,"href":"https:\/\/www.europesays.com\/fr\/wp-json\/wp\/v2\/users\/2"}],"replies":[{"embeddable":true,"href":"https:\/\/www.europesays.com\/fr\/wp-json\/wp\/v2\/comments?post=19428"}],"version-history":[{"count":0,"href":"https:\/\/www.europesays.com\/fr\/wp-json\/wp\/v2\/posts\/19428\/revisions"}],"wp:featuredmedia":[{"embeddable":true,"href":"https:\/\/www.europesays.com\/fr\/wp-json\/wp\/v2\/media\/19429"}],"wp:attachment":[{"href":"https:\/\/www.europesays.com\/fr\/wp-json\/wp\/v2\/media?parent=19428"}],"wp:term":[{"taxonomy":"category","embeddable":true,"href":"https:\/\/www.europesays.com\/fr\/wp-json\/wp\/v2\/categories?post=19428"},{"taxonomy":"post_tag","embeddable":true,"href":"https:\/\/www.europesays.com\/fr\/wp-json\/wp\/v2\/tags?post=19428"}],"curies":[{"name":"wp","href":"https:\/\/api.w.org\/{rel}","templated":true}]}}