{"id":194282,"date":"2025-06-21T20:44:08","date_gmt":"2025-06-21T20:44:08","guid":{"rendered":"https:\/\/www.europesays.com\/fr\/194282\/"},"modified":"2025-06-21T20:44:08","modified_gmt":"2025-06-21T20:44:08","slug":"des-scientifiques-exiles-temoignent-des-pressions-de-ladministration-trump","status":"publish","type":"post","link":"https:\/\/www.europesays.com\/fr\/194282\/","title":{"rendered":"des scientifiques exil\u00e9s t\u00e9moignent des pressions de l&rsquo;administration Trump"},"content":{"rendered":"<p>Ils n\u2019ont pas vraiment envie d\u2019exposer leur universit\u00e9 d\u2019origine, h\u00e9sitent \u00e0 \u00eatre photographi\u00e9s, pensent \u00e0 leurs amis scientifiques rest\u00e9s aux <a href=\"https:\/\/www.laprovence.com\/article\/france-monde\/39648107743088\/pour-les-chercheurs-americains-la-question-brulante-du-depart\" target=\"_blank\" rel=\"noopener\">\u00c9tats-Unis.<\/a> \u00ab\u00a0J\u2019ai de la chance, mais des coll\u00e8gues n\u2019ont plus de travail pour avoir exprim\u00e9 leur libert\u00e9 de parole\u00a0\u00bb, souffle Molly Dondero. Avec Gisela Winckler et Eliott Hazen, cette professeure de sociologie \u00e0 Washington offre le visage d\u2019une rescap\u00e9e. <a href=\"https:\/\/www.laprovence.com\/article\/societe\/6940588936946714\/les-etudiants-dharvard-manifestent-face-a-loffensive-de-ladministration-de-donald-trump\" target=\"_blank\" rel=\"noopener\">L\u2019administration Trump<\/a> ne lui a laiss\u00e9 ni le choix, ni le temps de souffler. \u00ab\u00a0Ma subvention de recherche a \u00e9t\u00e9 supprim\u00e9e. Mon travail d\u2019analyse statistique a \u00e9t\u00e9 bloqu\u00e9, les donn\u00e9es retir\u00e9es d\u2019internet\u00a0\u00bb, souffle la trentenaire qui a le \u00ab\u00a0malheur\u00a0\u00bb de s\u2019int\u00e9resser aux in\u00e9galit\u00e9s dans les politiques de sant\u00e9 outre-Atlantique, notamment chez les immigrants. \u00ab\u00a0Cela faisait un an que j\u2019\u00e9tais \u00e0 Marseille pour croiser mes recherches en <a href=\"https:\/\/www.laprovence.com\/article\/france-monde\/1206316889989115\/macron-et-von-der-leyen-appellent-les-chercheurs-etrangers-a-choisir-leurope\" target=\"_blank\" rel=\"noopener\">Europe,<\/a> dans une libert\u00e9 acad\u00e9mique totale. Mais les attaques tr\u00e8s graves contre les scientifiques aux USA, dans de nombreux domaines, ont eu raison de mes travaux sur les in\u00e9galit\u00e9s.\u00a0\u00bb<\/p>\n<p>\u00ab\u00a0Il fallait pr\u00e9server le coeur de ma science\u00a0\u00bb<\/p>\n<p>Ses camarades d\u2019infortune se savaient eux aussi dans <a href=\"https:\/\/www.laprovence.com\/article\/region\/1524288276832215\/notre-liberte-nest-pas-negociable-les-chercheurs-americains-menaces-trouveront-refuge-a-marseille\" target=\"_blank\" rel=\"noopener\">le viseur de la doctrine \u00ab\u00a0Maga\u00a0\u00bb<\/a> et de son cort\u00e8ge complotiste. Chercheuse en climatologie et oc\u00e9anographie \u00e0 l\u2019universit\u00e9 de New York, Gisela Winckler surveillait l\u2019impact du <a href=\"https:\/\/www.laprovence.com\/article\/ecoplanete\/68617326746573\/donald-trump-veut-supprimer-la-recherche-climatique-menee-par-lagence-americaine-de-reference\" target=\"_blank\" rel=\"noopener\">d\u00e9r\u00e8glement climatique<\/a> sur les s\u00e9diments et les coraux.<\/p>\n","protected":false},"excerpt":{"rendered":"Ils n\u2019ont pas vraiment envie d\u2019exposer leur universit\u00e9 d\u2019origine, h\u00e9sitent \u00e0 \u00eatre photographi\u00e9s, pensent \u00e0 leurs amis scientifiques&hellip;\n","protected":false},"author":2,"featured_media":194283,"comment_status":"","ping_status":"","sticky":false,"template":"","format":"standard","meta":{"footnotes":""},"categories":[1589],"tags":[17,11,154,73,1866,757,151,12,5261,17606,104,1864,1865,1863,308,33322],"class_list":{"0":"post-194282","1":"post","2":"type-post","3":"status-publish","4":"format-standard","5":"has-post-thumbnail","7":"category-etats-unis","8":"tag-17","9":"tag-actualites","10":"tag-des","11":"tag-etats-unis","12":"tag-etats-unis-damerique","13":"tag-je","14":"tag-les","15":"tag-news","16":"tag-pas","17":"tag-quitter","18":"tag-societe","19":"tag-united-states","20":"tag-united-states-of-america","21":"tag-us","22":"tag-usa","23":"tag-voulais"},"share_on_mastodon":{"url":"https:\/\/pubeurope.com\/@fr\/114723308513750737","error":""},"_links":{"self":[{"href":"https:\/\/www.europesays.com\/fr\/wp-json\/wp\/v2\/posts\/194282","targetHints":{"allow":["GET"]}}],"collection":[{"href":"https:\/\/www.europesays.com\/fr\/wp-json\/wp\/v2\/posts"}],"about":[{"href":"https:\/\/www.europesays.com\/fr\/wp-json\/wp\/v2\/types\/post"}],"author":[{"embeddable":true,"href":"https:\/\/www.europesays.com\/fr\/wp-json\/wp\/v2\/users\/2"}],"replies":[{"embeddable":true,"href":"https:\/\/www.europesays.com\/fr\/wp-json\/wp\/v2\/comments?post=194282"}],"version-history":[{"count":0,"href":"https:\/\/www.europesays.com\/fr\/wp-json\/wp\/v2\/posts\/194282\/revisions"}],"wp:featuredmedia":[{"embeddable":true,"href":"https:\/\/www.europesays.com\/fr\/wp-json\/wp\/v2\/media\/194283"}],"wp:attachment":[{"href":"https:\/\/www.europesays.com\/fr\/wp-json\/wp\/v2\/media?parent=194282"}],"wp:term":[{"taxonomy":"category","embeddable":true,"href":"https:\/\/www.europesays.com\/fr\/wp-json\/wp\/v2\/categories?post=194282"},{"taxonomy":"post_tag","embeddable":true,"href":"https:\/\/www.europesays.com\/fr\/wp-json\/wp\/v2\/tags?post=194282"}],"curies":[{"name":"wp","href":"https:\/\/api.w.org\/{rel}","templated":true}]}}