{"id":194286,"date":"2025-06-21T20:46:19","date_gmt":"2025-06-21T20:46:19","guid":{"rendered":"https:\/\/www.europesays.com\/fr\/194286\/"},"modified":"2025-06-21T20:46:19","modified_gmt":"2025-06-21T20:46:19","slug":"jour-des-veterans-lallemagne-reapprend-a-aimer-son-armee-pressee-de-recruter","status":"publish","type":"post","link":"https:\/\/www.europesays.com\/fr\/194286\/","title":{"rendered":"Jour des v\u00e9t\u00e9rans\u00a0: l\u2019Allemagne r\u00e9apprend \u00e0 aimer son arm\u00e9e, press\u00e9e de recruter"},"content":{"rendered":"<p>Reichstag en acc\u00e8s libre, concert gratuit sur une sc\u00e8ne en plein air, food trucks de cuisines du monde entiers, jeux pour enfants\u2026 \u00c0 Berlin, autour du b\u00e2timent qui symbolise la d\u00e9mocratie allemande, la Bundeswehr, l\u2019arm\u00e9e allemande, n\u2019a pas l\u00e9sin\u00e9 sur les moyens pour se montrer sous son plus beau jour.<\/p>\n<p>Avec des stands d\u00e9di\u00e9s au suivi post-traumatique des troupes et la mise en avant de \u00ab\u00a0gueules cass\u00e9es\u00a0\u00bb, les risques inh\u00e9rents aux terrains de guerre ne sont pas pour autant cach\u00e9s.<\/p>\n<p>Gri\u00e8vement bless\u00e9 en 2010 dans une embuscade \u00e0 Kunduz, en Afghanistan, qui avait fait trois morts chez les parachutistes allemands et lui a laiss\u00e9 le bras gauche paralys\u00e9, Maik Mutschke, 39 ans, estime qu\u2019il y a aujourd\u2019hui \u00ab\u00a0plus d\u2019encouragement pour nous les soldats\u00a0\u00bb, dans la population.<\/p>\n<p>\u00ab\u00a0Depuis trois ou quatre ans\u00a0\u00bb, cette reconnaissance \u00ab\u00a0s\u2019est acc\u00e9l\u00e9r\u00e9e\u00a0\u00bb, assure Jens Ruths, qui a lui perdu l\u2019usage d\u2019une jambe en marchant sur une mine au Kosovo, en 1999. Alors qu\u2019\u00ab\u00a0il y a 20 ans, on se faisait mal voir en uniforme\u00a0\u00bb, d\u00e9sormais, \u00ab\u00a0les chauffeurs de taxi et les gens rencontr\u00e9s dans la rue nous remercient plus qu\u2019avant\u00a0\u00bb, dit cet homme de 47 ans.<\/p>\n<p>\u00ab\u00a0La guerre se rapproche\u00a0\u00bb<\/p>\n<p>D\u00e9di\u00e9 aux soldats actuels comme aux v\u00e9t\u00e9rans proprement dits, ce premier \u00ab\u00a0Veteran Day\u00a0\u00bb allemand, bas\u00e9 sur le mod\u00e8le am\u00e9ricain, devait \u00ab\u00a0renforcer le lien entre l\u2019arm\u00e9e et la soci\u00e9t\u00e9\u00a0\u00bb allemandes. \u00ab\u00a0Un pays d\u00e9couvre son arm\u00e9e\u00a0\u00bb, souligne le quotidien r\u00e9gional K\u00f6lner Stadt-Anzeiger, pour qui \u00ab\u00a0cette premi\u00e8re inaugure une \u00e8re nouvelle\u00a0\u00bb. Profond\u00e9ment pacifiste depuis les atrocit\u00e9s de la Seconde guerre mondiale, l\u2019Allemagne a longtemps sous-financ\u00e9 sa d\u00e9fense, s\u2019en remettant \u00e0 la puissance am\u00e9ricaine au sein de l\u2019Otan. \u00ab\u00a0Tant qu\u2019il n\u2019y avait pas de guerre, tout le monde \u00e9tait en faveur du d\u00e9sarmement\u00a0\u00bb, note Viktoria Zieger, une civile venue avec son mari et ses deux enfants. Mais avec le conflit en Ukraine, \u00ab\u00a0la guerre se rapproche. Et les gens comprennent naturellement qu\u2019ils ont besoin d\u2019une arm\u00e9e\u00a0\u00bb, abonde Petra Muhl, une ancienne militaire de 46 ans.<\/p>\n<p>Apr\u00e8s une premi\u00e8re hausse sensible du budget de la D\u00e9fense, sous le mandat de son pr\u00e9d\u00e9cesseur social-d\u00e9mocrate (SPD) Olaf Scholz, le chancelier conservateur Friedrich Merz est all\u00e9 encore plus loin en d\u00e9cidant de supprimer les limites d\u2019endettement pour les d\u00e9penses militaires.<\/p>\n<p>Il dit vouloir doter l\u2019Allemagne de \u00ab\u00a0l\u2019arm\u00e9e conventionnelle la plus puissante d\u2019Europe\u00a0\u00bb. Mais la Bundeswehr, qui esp\u00e8re porter ses effectifs \u00e0 203\u00a0000 soldats d\u2019ici 2031, contre 181\u00a0000 actuellement, peine \u00e0 recruter.<\/p>\n<p>Le ministre de la D\u00e9fense Boris Pistorius <a href=\"https:\/\/www.letelegramme.fr\/monde\/lallemagne-va-avoir-besoin-de-50-000-a-60-000-soldats-supplementaires-6830359.php\" title=\"www.letelegramme.fr\" rel=\"nofollow noopener\" target=\"_blank\">a r\u00e9cemment parl\u00e9<\/a> d\u2019un besoin de 50\u00a0000 \u00e0 60\u00a0000 nouveaux soldats dans les ann\u00e9es \u00e0 venir.<\/p>\n<p>Les pacifistes protestent<\/p>\n<p>Le Jour des v\u00e9t\u00e9rans peut \u00ab\u00a0motiver des personnes (\u2026) \u00e0 devenir r\u00e9servistes ou \u00e0 s\u2019engager comme soldat\u00a0\u00bb, souligne Anna-Maria Jeremic, une r\u00e9serviste de 21 ans. Mais cela ne suffira pas et les voix d\u2019\u00e9lus, du camp conservateur notamment, r\u00e9clamant un retour du service militaire obligatoire, supprim\u00e9 \u00e0 partir de 2011, se font de plus en plus entendre. Alors qu\u2019une relance du service militaire sur une base volontaire est en cours, le quotidien \u00e9conomique Handelsblatt a r\u00e9cemment r\u00e9v\u00e9l\u00e9 qu\u2019un projet de loi est en chantier, ouvrant la voie, si les objectifs ne devaient pas \u00eatre atteints, \u00e0 un vote du Bundestag (Assembl\u00e9e parlementaire) pour r\u00e9tablir la conscription.<\/p>\n<p>Boris Pistorius n\u2019a pas confirm\u00e9 ce plan, soulignant que l\u2019arm\u00e9e n\u2019avait \u00ab\u00a0pas encore\u00a0\u00bb les \u00ab\u00a0infrastructures n\u00e9cessaires\u00a0\u00bb pour accueillir autant de jeunes majeurs chaque ann\u00e9e. Mais, \u00ab\u00a0nous r\u00e9agirons imm\u00e9diatement en cons\u00e9quence\u00a0\u00bb, si l\u2019appel aux volontaires \u00ab\u00a0ne r\u00e9ussit pas\u00a0\u00bb, a-t-il aussi dit. Preuve que le tournant militaire de l\u2019Allemagne bouleverse la culture politique du pays, les tenants de l\u2019aile pacifiste du SPD, dont un ancien pr\u00e9sident du parti, ont publi\u00e9 la semaine derni\u00e8re un \u00ab\u00a0manifeste\u00a0\u00bb fustigeant une \u00ab\u00a0rh\u00e9torique militaire alarmiste\u00a0\u00bb du gouvernement et pr\u00e9conisant le dialogue avec la Russie. Une fronde d\u00e9nonc\u00e9e comme un \u00ab\u00a0d\u00e9ni de r\u00e9alit\u00e9\u00a0\u00bb par le ministre Boris Pistorius, \u00e9galement membre du SPD et l\u2019une des personnalit\u00e9s politiques pr\u00e9f\u00e9r\u00e9es des Allemands.<\/p>\n","protected":false},"excerpt":{"rendered":"Reichstag en acc\u00e8s libre, concert gratuit sur une sc\u00e8ne en plein air, food trucks de cuisines du monde&hellip;\n","protected":false},"author":2,"featured_media":194287,"comment_status":"","ping_status":"","sticky":false,"template":"","format":"standard","meta":{"footnotes":""},"categories":[1587],"tags":[11,672,1804,1805,1803,1777,674,1801,131,74,12,1802],"class_list":{"0":"post-194286","1":"post","2":"type-post","3":"status-publish","4":"format-standard","5":"has-post-thumbnail","7":"category-allemagne","8":"tag-actualites","9":"tag-allemagne","10":"tag-bundesrepublik-deutschland","11":"tag-de","12":"tag-deutschland","13":"tag-eu","14":"tag-europe","15":"tag-germany","16":"tag-guerre-en-ukraine","17":"tag-monde","18":"tag-news","19":"tag-republique-federale-dallemagne"},"share_on_mastodon":{"url":"https:\/\/pubeurope.com\/@fr\/114723316461659041","error":""},"_links":{"self":[{"href":"https:\/\/www.europesays.com\/fr\/wp-json\/wp\/v2\/posts\/194286","targetHints":{"allow":["GET"]}}],"collection":[{"href":"https:\/\/www.europesays.com\/fr\/wp-json\/wp\/v2\/posts"}],"about":[{"href":"https:\/\/www.europesays.com\/fr\/wp-json\/wp\/v2\/types\/post"}],"author":[{"embeddable":true,"href":"https:\/\/www.europesays.com\/fr\/wp-json\/wp\/v2\/users\/2"}],"replies":[{"embeddable":true,"href":"https:\/\/www.europesays.com\/fr\/wp-json\/wp\/v2\/comments?post=194286"}],"version-history":[{"count":0,"href":"https:\/\/www.europesays.com\/fr\/wp-json\/wp\/v2\/posts\/194286\/revisions"}],"wp:featuredmedia":[{"embeddable":true,"href":"https:\/\/www.europesays.com\/fr\/wp-json\/wp\/v2\/media\/194287"}],"wp:attachment":[{"href":"https:\/\/www.europesays.com\/fr\/wp-json\/wp\/v2\/media?parent=194286"}],"wp:term":[{"taxonomy":"category","embeddable":true,"href":"https:\/\/www.europesays.com\/fr\/wp-json\/wp\/v2\/categories?post=194286"},{"taxonomy":"post_tag","embeddable":true,"href":"https:\/\/www.europesays.com\/fr\/wp-json\/wp\/v2\/tags?post=194286"}],"curies":[{"name":"wp","href":"https:\/\/api.w.org\/{rel}","templated":true}]}}