{"id":194290,"date":"2025-06-21T20:48:12","date_gmt":"2025-06-21T20:48:12","guid":{"rendered":"https:\/\/www.europesays.com\/fr\/194290\/"},"modified":"2025-06-21T20:48:12","modified_gmt":"2025-06-21T20:48:12","slug":"gaza-un-rapport-de-lue-pointe-des-violations-des-droits-de-lhomme-de-la-part-disrael","status":"publish","type":"post","link":"https:\/\/www.europesays.com\/fr\/194290\/","title":{"rendered":"Gaza: un rapport de l&rsquo;UE pointe des violations des droits de l&rsquo;homme de la part d&rsquo;Isra\u00ebl"},"content":{"rendered":"<p><img decoding=\"async\" class=\"c-ad__placeholder__logo\" src=\"https:\/\/static.euronews.com\/website\/images\/logos\/logo-euronews-grey-6-180x22.svg\" width=\"180\" height=\"22\" alt=\"\" loading=\"lazy\"\/>PUBLICIT\u00c9<\/p>\n<p>Les actions d&rsquo;Isra\u00ebl dans la bande de Gaza constituent une violation des dispositions relatives aux droits de l&rsquo;homme contenues dans son <strong>accord d&rsquo;association avec l&rsquo;Union europ\u00e9enne<\/strong>, selon une \u00e9tude tr\u00e8s attendue du service diplomatique de l&rsquo;Union, qui cite un ensemble de conclusions d&rsquo;organisations internationales ind\u00e9pendantes.<\/p>\n<p>Cette violation d\u00e9coule de la guerre men\u00e9e par Isra\u00ebl contre Gaza et des conditions strictes appliqu\u00e9es \u00e0 <strong>l&rsquo;acheminement de l&rsquo;aide humanitaire<\/strong>, qui ont aliment\u00e9 les craintes d&rsquo;une famine g\u00e9n\u00e9ralis\u00e9e parmi les Palestiniens vivant dans cette enclave dens\u00e9ment peupl\u00e9e. Elle couvre \u00e9galement <strong>l&rsquo;occupation isra\u00e9lienne de la Cisjordanie<\/strong>, qui dure depuis des d\u00e9cennies, o\u00f9 des colons se sont livr\u00e9s \u00e0 des actes de violence.<\/p>\n<p>Les Europ\u00e9ens ont r\u00e9agi avec stupeur et fureur aux informations selon lesquelles des Palestiniens auraient <a href=\"https:\/\/fr.euronews.com\/2025\/06\/17\/gaza-au-moins-51-morts-lors-dune-distribution-alimentaire-a-khan-younes\" rel=\"nofollow noopener\" target=\"_blank\"><strong>\u00e9t\u00e9 tu\u00e9s<\/strong><\/a> par l&rsquo;arm\u00e9e isra\u00e9lienne alors qu&rsquo;ils <strong>attendaient des vivres<\/strong> sur les sites de distribution.<\/p>\n<p>L&rsquo;\u00e9tude a \u00e9t\u00e9 men\u00e9e par le <strong>Service europ\u00e9en pour l&rsquo;action ext\u00e9rieure<\/strong> (SEAE) et envoy\u00e9e aux \u00c9tats membres vendredi dans un rapport confidentiel afin d&rsquo;\u00e9viter les fuites.<\/p>\n<p>\u00ab\u00a0Il y a des indications selon lesquelles Isra\u00ebl violerait ses obligations en mati\u00e8re de droits de l&rsquo;homme en vertu de l&rsquo;article 2 de l&rsquo;accord d&rsquo;association UE-Isra\u00ebl\u00a0\u00bb, a d\u00e9clar\u00e9 un diplomate de haut rang \u00e0 Euronews, citant les conclusions contenues dans le document.<\/p>\n<p>L&rsquo;examen <a href=\"https:\/\/fr.euronews.com\/my-europe\/2025\/05\/20\/les-vingt-sept-vont-reexaminer-laccord-dassociation-avec-israel-en-reponse-a-loffensive-a-\" rel=\"nofollow noopener\" target=\"_blank\"><strong>a \u00e9t\u00e9 lanc\u00e9 le mois dernier<\/strong><\/a> \u00e0 la demande de 17 pays, men\u00e9s par les Pays-Bas, afin de d\u00e9terminer si Isra\u00ebl respecte toujours l&rsquo;article 2 de l&rsquo;accord d&rsquo;association, qui stipule que les relations bilat\u00e9rales \u00ab\u00a0sont fond\u00e9es sur le respect des droits de l&rsquo;homme et des principes d\u00e9mocratiques, qui guident leur politique int\u00e9rieure et internationale et constituent un \u00e9l\u00e9ment essentiel de cet accord\u00a0\u00bb.<\/p>\n<p>La Belgique, le Danemark, l&rsquo;Estonie, la Finlande, la France, l&rsquo;Irlande, le Luxembourg, Malte, la Pologne, le Portugal, la Roumanie, la Slovaquie, la Slov\u00e9nie, l&rsquo;Espagne et la Su\u00e8de ont soutenu l&rsquo;appel des Pays-Bas.<\/p>\n<p>La Bulgarie, la Croatie, Chypre, la R\u00e9publique tch\u00e8que, l&rsquo;Allemagne, la Gr\u00e8ce, la Hongrie, l&rsquo;Italie et la Lituanie \u00e9taient contre, et la Lettonie a adopt\u00e9 une position \u00ab\u00a0neutre\u00a0\u00bb, selon les sources.<\/p>\n<p>Isra\u00ebl <a href=\"https:\/\/fr.euronews.com\/2025\/05\/21\/israel-rejette-totalement-la-decision-de-lue-de-revoir-laccord-de-commerce-et-de-cooperati\" rel=\"nofollow noopener\" target=\"_blank\"><strong>a d\u00e9nonc\u00e9 cette d\u00e9cision<\/strong><\/a> et a appel\u00e9 Bruxelles \u00e0 poursuivre le dialogue bilat\u00e9ral.<\/p>\n<p>\u00ab\u00a0Nous rejetons totalement la direction prise dans la d\u00e9claration, qui refl\u00e8te une incompr\u00e9hension totale de la r\u00e9alit\u00e9 complexe \u00e0 laquelle Isra\u00ebl est confront\u00e9\u00a0\u00bb, a d\u00e9clar\u00e9 un porte-parole du minist\u00e8re isra\u00e9lien des affaires \u00e9trang\u00e8res en mai. \u00ab\u00a0Cette guerre a \u00e9t\u00e9 impos\u00e9e \u00e0 Isra\u00ebl par le Hamas, et c&rsquo;est le Hamas qui est responsable du fait qu&rsquo;elle soit toujours en cours.\u00a0\u00bb<\/p>\n<p>Les r\u00e9sultats de l&rsquo;examen seront discut\u00e9s par les ambassadeurs vendredi et dimanche, puis par les ministres des Affaires \u00e9trang\u00e8res lundi. La haute repr\u00e9sentante Kaja Kallas <strong>informera personnellement les dirigeants de l&rsquo;UE<\/strong> lors d&rsquo;un sommet \u00e0 Bruxelles jeudi.<\/p>\n<p>La vice-pr\u00e9sidente de la Commission europ\u00e9enne, qui s&rsquo;efforce de maintenir tous les pays sur la m\u00eame longueur d&rsquo;onde, a r\u00e9cemment <strong>durci le ton \u00e0 l&rsquo;\u00e9gard d&rsquo;Isra\u00ebl<\/strong> et de ce qu&rsquo;elle appelle la \u00ab\u00a0militarisation\u00a0\u00bb de l&rsquo;aide humanitaire.<\/p>\n<p>\u00ab\u00a0Il est tr\u00e8s douloureux pour moi de voir la souffrance\u00a0\u00bb, a d\u00e9clar\u00e9 Kaja Kallas en d\u00e9but de semaine. \u00ab\u00a0Quand j&rsquo;entends que 50 personnes ont \u00e9t\u00e9 tu\u00e9es dans la file d&rsquo;attente pour obtenir de la farine, c&rsquo;est douloureux, bien s\u00fbr, je me demande ce que nous pouvons faire de plus.\u00a0\u00bb<\/p>\n<p>Il appartiendra aux \u00c9tats membres de d\u00e9cider des mesures \u00e0 prendre, le cas \u00e9ch\u00e9ant, en r\u00e9ponse \u00e0 ces conclusions critiques. Les options possibles comprennent <strong>la suspension totale de l&rsquo;accord<\/strong>, ce qui est hautement improbable, ou <strong>la suspension partielle<\/strong> de certaines dispositions relatives au libre-\u00e9change, \u00e0 la recherche, \u00e0 la technologie, \u00e0 la culture et au dialogue politique.<\/p>\n<p>Certaines options n\u00e9cessiteront le <strong>soutien unanime des 27 \u00c9tats membres<\/strong>, tandis que d&rsquo;autres n\u00e9cessiteront une majorit\u00e9 qualifi\u00e9e, c&rsquo;est-\u00e0-dire au moins 55 % des pays repr\u00e9sentant au moins 65 % de la population de l&rsquo;Union. Toute d\u00e9cision de suspendre les aspects commerciaux de l&rsquo;accord sera <strong>du ressort de la Commission europ\u00e9enne<\/strong>, et les diplomates estiment que, l\u00e0 encore, il sera difficile de parvenir \u00e0 un accord.<\/p>\n<p>Pas d&rsquo;action avant juillet<\/p>\n<p>Compte tenu de la bri\u00e8vet\u00e9 du d\u00e9lai entre la publication de l&rsquo;\u00e9tude et la r\u00e9union de lundi, <strong>aucune mesure concr\u00e8te<\/strong> ne devrait \u00eatre prise avant que les ministres des Affaires \u00e9trang\u00e8res ne se r\u00e9unissent \u00e0 nouveau en juillet.<\/p>\n<p>Un diplomate de haut rang a d\u00e9clar\u00e9 qu&rsquo;il \u00e9tait \u00ab\u00a0difficile\u00a0\u00bb de pr\u00e9dire si le groupe des 17 resterait uni sur les prochaines \u00e9tapes, mais qu&rsquo;il esp\u00e9rait que les conclusions contribueraient \u00e0 \u00ab\u00a0accro\u00eetre la pression\u00a0\u00bb sur Isra\u00ebl pour qu&rsquo;il all\u00e8ge les souffrances humaines dans la bande de Gaza d\u00e9chir\u00e9e par la guerre.<\/p>\n<p>\u00ab\u00a0Il y a trois points importants que nous voulons voir\u00a0\u00bb, a expliqu\u00e9 le diplomate, sous couvert d&rsquo;anonymat. \u00ab\u00a0Premi\u00e8rement, la fin totale et imm\u00e9diate du blocus humanitaire. Deuxi\u00e8mement, des mesures significatives en vue d&rsquo;un cessez-le-feu permettant la lib\u00e9ration de tous les otages. Et troisi\u00e8mement, nous aimerions que plus aucune mesure ne soit prise pour rendre plus difficile la solution \u00e0 deux \u00c9tats.\u00a0\u00bb<\/p>\n<p>L&rsquo;examen co\u00efncide avec <strong>l&rsquo;escalade militaire entre Isra\u00ebl et l&rsquo;Iran,<\/strong> qui figurera \u00e9galement en bonne place \u00e0 l&rsquo;ordre du jour de la r\u00e9union des ministres des Affaires \u00e9trang\u00e8res de lundi. Il reste \u00e0 voir comment la discussion sur l&rsquo;Iran influencera les d\u00e9lib\u00e9rations sur Gaza.<\/p>\n<p>Un diplomate d&rsquo;un autre pays a d\u00e9clar\u00e9 qu&rsquo;il \u00e9tait \u00ab\u00a0essentiel\u00a0\u00bb de maintenir l&rsquo;attention politique sur Gaza plut\u00f4t que de \u00ab\u00a0regarder ailleurs\u00a0\u00bb, c&rsquo;est-\u00e0-dire vers l&rsquo;Iran.<\/p>\n<p>\u00ab\u00a0Si le rapport va aussi loin que nous l&rsquo;imaginons, combien d&rsquo;\u00c9tats membres seront encore pr\u00eats \u00e0 ne rien faire et \u00e0 continuer \u00e0 dire qu&rsquo;il n&rsquo;y a rien d&rsquo;autre \u00e0 faire ? \u00a0\u00bb Ces \u00c9tats membres devront justifier leur inaction.<\/p>\n<p>Mais le sentiment d&rsquo;urgence n&rsquo;est pas partag\u00e9 par tous. Plusieurs capitales insistent sur le fait que l&rsquo;UE devrait <strong>se concentrer sur le maintien de lignes ouvertes avec Tel-Aviv<\/strong> au lieu de les couper.<\/p>\n<p>\u00ab\u00a0Pour nous, l&rsquo;important est de maintenir un niveau de communication d\u00e9cent avec Isra\u00ebl. Nous voulons maintenir l&rsquo;accord d&rsquo;association tel qu&rsquo;il est\u00a0\u00bb, a d\u00e9clar\u00e9 un troisi\u00e8me diplomate. \u00ab\u00a0Pour beaucoup d&rsquo;entre nous, le commerce avec Isra\u00ebl est important et nous ne voulons pas fermer les portes.\u00a0\u00bb<\/p>\n<p>Un quatri\u00e8me diplomate a fait remarquer : \u00ab\u00a0Nous sommes conscients que la situation humanitaire est tr\u00e8s mauvaise [mais] elle ne cessera pas d&rsquo;\u00eatre dramatique m\u00eame si nous suspendons l&rsquo;accord\u00a0\u00bb.<\/p>\n<p>Cette r\u00e9vision intervient un jour apr\u00e8s que la Belgique, ainsi que la Finlande, l&rsquo;Irlande, le Luxembourg, la Pologne, le Portugal, la Slov\u00e9nie, l&rsquo;Espagne et la Su\u00e8de, ont demand\u00e9 \u00e0 la Commission europ\u00e9enne d&rsquo;examiner \u00ab\u00a0comment le commerce des biens et services li\u00e9s aux colonies ill\u00e9gales dans le territoire palestinien occup\u00e9 peut \u00eatre mis en conformit\u00e9 avec le droit international\u00a0\u00bb.<\/p>\n","protected":false},"excerpt":{"rendered":"PUBLICIT\u00c9 Les actions d&rsquo;Isra\u00ebl dans la bande de Gaza constituent une violation des dispositions relatives aux droits de&hellip;\n","protected":false},"author":2,"featured_media":194291,"comment_status":"","ping_status":"","sticky":false,"template":"","format":"standard","meta":{"footnotes":""},"categories":[1586],"tags":[11,16176,4628,1777,674,1779,1011,27,664,12,25,1778,364],"class_list":{"0":"post-194290","1":"post","2":"type-post","3":"status-publish","4":"format-standard","5":"has-post-thumbnail","7":"category-europe","8":"tag-actualites","9":"tag-aide-humanitaire","10":"tag-bande-de-gaza","11":"tag-eu","12":"tag-europe","13":"tag-european-union","14":"tag-fr","15":"tag-france","16":"tag-israel","17":"tag-news","18":"tag-republique-francaise","19":"tag-ue","20":"tag-union-europeenne"},"share_on_mastodon":{"url":"https:\/\/pubeurope.com\/@fr\/114723324306387064","error":""},"_links":{"self":[{"href":"https:\/\/www.europesays.com\/fr\/wp-json\/wp\/v2\/posts\/194290","targetHints":{"allow":["GET"]}}],"collection":[{"href":"https:\/\/www.europesays.com\/fr\/wp-json\/wp\/v2\/posts"}],"about":[{"href":"https:\/\/www.europesays.com\/fr\/wp-json\/wp\/v2\/types\/post"}],"author":[{"embeddable":true,"href":"https:\/\/www.europesays.com\/fr\/wp-json\/wp\/v2\/users\/2"}],"replies":[{"embeddable":true,"href":"https:\/\/www.europesays.com\/fr\/wp-json\/wp\/v2\/comments?post=194290"}],"version-history":[{"count":0,"href":"https:\/\/www.europesays.com\/fr\/wp-json\/wp\/v2\/posts\/194290\/revisions"}],"wp:featuredmedia":[{"embeddable":true,"href":"https:\/\/www.europesays.com\/fr\/wp-json\/wp\/v2\/media\/194291"}],"wp:attachment":[{"href":"https:\/\/www.europesays.com\/fr\/wp-json\/wp\/v2\/media?parent=194290"}],"wp:term":[{"taxonomy":"category","embeddable":true,"href":"https:\/\/www.europesays.com\/fr\/wp-json\/wp\/v2\/categories?post=194290"},{"taxonomy":"post_tag","embeddable":true,"href":"https:\/\/www.europesays.com\/fr\/wp-json\/wp\/v2\/tags?post=194290"}],"curies":[{"name":"wp","href":"https:\/\/api.w.org\/{rel}","templated":true}]}}