{"id":194296,"date":"2025-06-21T20:51:12","date_gmt":"2025-06-21T20:51:12","guid":{"rendered":"https:\/\/www.europesays.com\/fr\/194296\/"},"modified":"2025-06-21T20:51:12","modified_gmt":"2025-06-21T20:51:12","slug":"motoball-neuville-sera-en-finale-de-la-coupe-de-france","status":"publish","type":"post","link":"https:\/\/www.europesays.com\/fr\/194296\/","title":{"rendered":"Motoball &#8211; Neuville sera en finale de la Coupe de France"},"content":{"rendered":"<p>                                                                                                    <img decoding=\"async\" src=\"https:\/\/www.europesays.com\/fr\/wp-content\/uploads\/2025\/05\/60460ba5da020.jpeg\" alt=\"Claire Brugier\"\/><\/p>\n<p class=\"author__social\">Partager sur :<br \/>\n                                            <a href=\"https:\/\/twitter.com\/share?url=https:\/\/www.le7.info\/article\/25712-motoball-neuville-sera-en-finale-de-la-coupe-de-france\" title=\"Partager sur twitter\" target=\"_blank\" rel=\"noopener\"><\/a><br \/>\n                                            <a href=\"https:\/\/www.facebook.com\/sharer\/sharer.php?u=https:\/\/www.le7.info\/article\/25712-motoball-neuville-sera-en-finale-de-la-coupe-de-france\" title=\"Partager sur facebook\" target=\"_blank\" rel=\"noopener\"><\/a>\n                                        <\/p>\n<p style=\"margin-bottom:11px\">Confirmant l\u2019avantage acquis samedi dernier \u00e0 Robion (victoire 1-7), les Neuvillois se sont impos\u00e9s 12-2 ce soir, dans le cadre du match retour de la demi-finale de la Coupe de France, devant le public surchauff\u00e9 du terrain Maurice-Sabourin. Une nouvelle finale se profile donc pour le capitaine Marc Compain et ses co\u00e9quipiers, face \u00e0 Troyes, vainqueur de Carpentras 7-1 lors de la demi-finale retour. Elle aura lieu le 6 septembre. En attendant, le\u00a0champion de France en titre a de nouveau rendez-vous dans le Vaucluse le 28 juin pour la 7e\u00a0journ\u00e9e du championnat d\u2019Elite 1.<\/p>\n<p>                                <script async src=\"https:\/\/platform.twitter.com\/widgets.js\" charset=\"utf-8\"><\/script><\/p>\n","protected":false},"excerpt":{"rendered":"Partager sur : Confirmant l\u2019avantage acquis samedi dernier \u00e0 Robion (victoire 1-7), les Neuvillois se sont impos\u00e9s 12-2&hellip;\n","protected":false},"author":2,"featured_media":52780,"comment_status":"","ping_status":"","sticky":false,"template":"","format":"standard","meta":{"footnotes":""},"categories":[4],"tags":[11,1011,27,13267,12,25],"class_list":{"0":"post-194296","1":"post","2":"type-post","3":"status-publish","4":"format-standard","5":"has-post-thumbnail","7":"category-france","8":"tag-actualites","9":"tag-fr","10":"tag-france","11":"tag-le-7-actualite-vienne-poitiers-chatellerault","12":"tag-news","13":"tag-republique-francaise"},"share_on_mastodon":{"url":"https:\/\/pubeurope.com\/@fr\/114723336478284700","error":""},"_links":{"self":[{"href":"https:\/\/www.europesays.com\/fr\/wp-json\/wp\/v2\/posts\/194296","targetHints":{"allow":["GET"]}}],"collection":[{"href":"https:\/\/www.europesays.com\/fr\/wp-json\/wp\/v2\/posts"}],"about":[{"href":"https:\/\/www.europesays.com\/fr\/wp-json\/wp\/v2\/types\/post"}],"author":[{"embeddable":true,"href":"https:\/\/www.europesays.com\/fr\/wp-json\/wp\/v2\/users\/2"}],"replies":[{"embeddable":true,"href":"https:\/\/www.europesays.com\/fr\/wp-json\/wp\/v2\/comments?post=194296"}],"version-history":[{"count":0,"href":"https:\/\/www.europesays.com\/fr\/wp-json\/wp\/v2\/posts\/194296\/revisions"}],"wp:featuredmedia":[{"embeddable":true,"href":"https:\/\/www.europesays.com\/fr\/wp-json\/wp\/v2\/media\/52780"}],"wp:attachment":[{"href":"https:\/\/www.europesays.com\/fr\/wp-json\/wp\/v2\/media?parent=194296"}],"wp:term":[{"taxonomy":"category","embeddable":true,"href":"https:\/\/www.europesays.com\/fr\/wp-json\/wp\/v2\/categories?post=194296"},{"taxonomy":"post_tag","embeddable":true,"href":"https:\/\/www.europesays.com\/fr\/wp-json\/wp\/v2\/tags?post=194296"}],"curies":[{"name":"wp","href":"https:\/\/api.w.org\/{rel}","templated":true}]}}