{"id":194313,"date":"2025-06-21T21:02:21","date_gmt":"2025-06-21T21:02:21","guid":{"rendered":"https:\/\/www.europesays.com\/fr\/194313\/"},"modified":"2025-06-21T21:02:21","modified_gmt":"2025-06-21T21:02:21","slug":"nouvelle-exposition-au-musee-henri-martin-plongez-dans-lunivers-tres-lotois-de-sally-davies-et-jeffery-stride-medialot","status":"publish","type":"post","link":"https:\/\/www.europesays.com\/fr\/194313\/","title":{"rendered":"Nouvelle exposition au Mus\u00e9e Henri Martin, plongez dans l\u2019univers tr\u00e8s lotois de Sally Davies et Jeffery Stride \u2013 Medialot"},"content":{"rendered":"<p>\n                          <a href=\"https:\/\/lot.fr\/actualites\/mois-du-num-rique?utm_source=Medialot&amp;utm_medium=Medialot&amp;utm_campaign=Mois_numerique\" rel=\"nofollow noopener\" target=\"_blank\"><img loading=\"lazy\" decoding=\"async\" alt=\"\" width=\"300\" height=\"38\" src=\"https:\/\/www.europesays.com\/fr\/wp-content\/uploads\/2025\/06\/Pub-MediaLot-300-x-38-px-Lot-num\u00e9rique-Ensemble-2025.g-if.gif\" class=\"size-full wp-image-169776 aligncenter lazyload\"\/><\/a><br \/>\nA voir jusqu\u2019au 31 d\u00e9cembre 2025.\u00a0<br \/>\n<a href=\"https:\/\/www.ecoutervoir.fr\" rel=\"nofollow noopener\" target=\"_blank\"><img loading=\"lazy\" decoding=\"async\" alt=\"\" width=\"300\" height=\"37\"  src=\"https:\/\/www.europesays.com\/fr\/wp-content\/uploads\/2025\/04\/ecouter-v-300x37.jpeg\" data- class=\"size-medium wp-image-163875 aligncenter lazyload\"\/><\/a><\/p>\n<p>Le mus\u00e9e Henri Martin pr\u00e9sente sa nouvelle exposition d\u00e9di\u00e9e aux artistes britanniques Sally Davies et Jeffery Stride. Ce parcours immersif invitera les visiteurs \u00e0 plonger dans l\u2019univers hospitalier et verdoyant de ces deux cr\u00e9ateurs install\u00e9s dans le Lot depuis les ann\u00e9es 1970. \u00c0 travers une s\u00e9lection de peintures, pastels et dessins, l\u2019exposition retrace cinq d\u00e9cennies de la production artistique du couple, tout en mettant en lumi\u00e8re leur parcours et leur lien profond avec la nature et le territoire quercynois.<\/p>\n<p><a href=\"https:\/\/mtechalu46.com\" rel=\"nofollow noopener\" target=\"_blank\"><img loading=\"lazy\" decoding=\"async\" alt=\"\" width=\"300\" height=\"38\" src=\"https:\/\/www.europesays.com\/fr\/wp-content\/uploads\/2025\/04\/GIF-MTECH.gif\" class=\"size-full wp-image-163888 aligncenter lazyload\"\/><\/a><\/p>\n<p>Etablis \u00e0 Vers, un village situ\u00e9 \u00e0 proximit\u00e9 de Cahors, Sally Davies et Jeffery Stride ont su, en ouvrant leur atelier et leur jardin aux touristes et aux Lotois, r\u00e9v\u00e9ler la beaut\u00e9 des paysages par leurs regards, et d\u00e9montrer leur attachement \u00e0 cette terre d\u2019accueil. Ils apparaissent aujourd\u2019hui comme des figures inspirantes du monde artistique.<\/p>\n<p><a href=\"https:\/\/www.europesays.com\/fr\/wp-content\/uploads\/2025\/04\/medialot-300x38-5.jpg\"><img loading=\"lazy\" decoding=\"async\" alt=\"\" width=\"300\" height=\"38\" src=\"https:\/\/www.europesays.com\/fr\/wp-content\/uploads\/2025\/04\/medialot-300x38-5.jpg\" class=\"size-full wp-image-150487 aligncenter lazyload\"\/><\/a><\/p>\n<p>Cette r\u00e9trospective th\u00e9matique au mus\u00e9e Henri-Martin am\u00e8ne les visiteurs \u00e0 faire connaissance avec ces artistes discrets. Cinq salles leur seront consacr\u00e9es autour de diff\u00e9rents th\u00e8mes concentriques, allant de la sph\u00e8re personnelle des artistes \u00e0 leur perception du monde environnant. Les \u0153uvres expos\u00e9es mettent en lumi\u00e8re leurs visions respectives des liens familiaux, de la relation \u00e0 soi, du foyer, et de la nature, qu\u2019elle soit domestiqu\u00e9e ou champ\u00eatre. Le paysage, th\u00e8me pr\u00e9pond\u00e9rant dans leur travail, est particuli\u00e8rement mis en avant \u00e0 travers les repr\u00e9sentations de la rivi\u00e8re Lot et du territoire quercynois.<\/p>\n<p><a href=\"https:\/\/www.facebook.com\/intermarcheBastieCahors?locale=fr_FR\" target=\"_blank\" rel=\"noopener noreferrer nofollow\"><img loading=\"lazy\" decoding=\"async\" alt=\"\" width=\"300\" height=\"38\" src=\"https:\/\/www.europesays.com\/fr\/wp-content\/uploads\/2025\/04\/intermarche-V2.gif\" class=\"aligncenter wp-image-111517 size-full lazyload\"\/><\/a><\/p>\n<p>Sally Davies est une peintre dont les \u0153uvres explorent notamment la relation intime entre la nature et l\u2019individu. Elle porte une attention particuli\u00e8re \u00e0 la couleur, \u00e0 la lumi\u00e8re et aux textures.\u00a0<\/p>\n<p><a href=\"https:\/\/www.lfccourtage.com\/\" rel=\"nofollow noopener\" target=\"_blank\"><img loading=\"lazy\" decoding=\"async\" alt=\"\" width=\"300\" height=\"38\" src=\"https:\/\/www.europesays.com\/fr\/wp-content\/uploads\/2025\/04\/lfc-courtage-bandeau-2.gif\" class=\"size-full wp-image-78799 aligncenter lazyload\"\/><\/a><\/p>\n<p>Jeffery Stride, quant \u00e0 lui, offre un travail construit, ax\u00e9 sur une composition lisible. Il explore les techniques de la peinture pour cr\u00e9er des tableaux qui m\u00ealent couleurs, formes et parfois textures. Ses \u0153uvres peuvent se caract\u00e9riser par un relatif minimalisme, voire une abstraction.<\/p>\n<p><a href=\"https:\/\/piscinesservices46.fr\" rel=\"nofollow noopener\" target=\"_blank\"><img loading=\"lazy\" decoding=\"async\" alt=\"\" width=\"300\" height=\"38\" src=\"https:\/\/www.europesays.com\/fr\/wp-content\/uploads\/2025\/04\/ps46-bandeau.gif\" class=\"size-full wp-image-146807 aligncenter lazyload\"\/><\/a><\/p>\n<p>En raison de la fragilit\u00e9 de certains supports, une partie de l\u2019accrochage sera renouvel\u00e9e apr\u00e8s les Journ\u00e9es europ\u00e9ennes du patrimoine, offrant ainsi aux visiteurs l\u2019opportunit\u00e9 de d\u00e9couvrir de nouvelles \u0153uvres. Les visiteurs seront accompagn\u00e9s dans leur d\u00e9couverte gr\u00e2ce \u00e0 une programmation riche en visites guid\u00e9es th\u00e9matiques, animations et ateliers cr\u00e9atifs et sensoriels.<\/p>\n<p><a href=\"https:\/\/chambert.com\/fr\/index.html\" rel=\"nofollow noopener\" target=\"_blank\"><img loading=\"lazy\" decoding=\"async\" alt=\"\" width=\"300\" height=\"38\" src=\"https:\/\/www.europesays.com\/fr\/wp-content\/uploads\/2025\/04\/chambert-2024-300x38-1.gif\" class=\"size-full wp-image-160827 aligncenter lazyload\"\/><\/a><\/p>\n<p>&gt; Du 21 juin au 31 d\u00e9cembre 2025<\/p>\n<p>Mus\u00e9e Henri Martin, 46000 Cahors\u00a0<\/p>\n<p><a href=\"https:\/\/concessions.peugeot.fr\/cahors\" rel=\"nofollow noopener\" target=\"_blank\"><img loading=\"lazy\" decoding=\"async\" alt=\"\" width=\"300\" height=\"38\" src=\"https:\/\/www.europesays.com\/fr\/wp-content\/uploads\/2025\/04\/pub_GGB_s.gif\" class=\"size-full wp-image-128909 aligncenter lazyload\"\/><\/a><\/p>\n<p>&gt; Horaires :<\/p>\n<p>Juin : 11 h-18 h du mercredi au dimanche<\/p>\n<p>Juillet-ao\u00fbt : 11 h-18 h du mardi au dimanche sauf samedi 14 h-20 h<\/p>\n<p>Septembre-d\u00e9cembre : 11 h-18 h du mercredi au dimanche sauf samedi 14 h-18 h<\/p>\n<p><a href=\"https:\/\/www.assureur-cahors.fr\" rel=\"nofollow noopener\" target=\"_blank\"><img loading=\"lazy\" decoding=\"async\" alt=\"\" width=\"300\" height=\"38\" src=\"https:\/\/www.europesays.com\/fr\/wp-content\/uploads\/2025\/04\/300x38.gif\" class=\"size-full wp-image-141871 aligncenter lazyload\"\/><\/a><\/p>\n<p>&gt; <a href=\"http:\/\/museehenrimartin.fr\" rel=\"nofollow noopener\" target=\"_blank\">museehenrimartin.fr<\/a>\u00a0<\/p>\n","protected":false},"excerpt":{"rendered":"A voir jusqu\u2019au 31 d\u00e9cembre 2025.\u00a0 Le mus\u00e9e Henri Martin pr\u00e9sente sa nouvelle exposition d\u00e9di\u00e9e aux artistes britanniques&hellip;\n","protected":false},"author":2,"featured_media":194314,"comment_status":"","ping_status":"","sticky":false,"template":"","format":"standard","meta":{"footnotes":""},"categories":[1358],"tags":[1348,1384,1385,1386,58,59,1011,27],"class_list":{"0":"post-194313","1":"post","2":"type-post","3":"status-publish","4":"format-standard","5":"has-post-thumbnail","7":"category-arts-et-design","8":"tag-arts","9":"tag-arts-and-design","10":"tag-arts-et-design","11":"tag-design","12":"tag-divertissement","13":"tag-entertainment","14":"tag-fr","15":"tag-france"},"share_on_mastodon":{"url":"https:\/\/pubeurope.com\/@fr\/114723379725260499","error":""},"_links":{"self":[{"href":"https:\/\/www.europesays.com\/fr\/wp-json\/wp\/v2\/posts\/194313","targetHints":{"allow":["GET"]}}],"collection":[{"href":"https:\/\/www.europesays.com\/fr\/wp-json\/wp\/v2\/posts"}],"about":[{"href":"https:\/\/www.europesays.com\/fr\/wp-json\/wp\/v2\/types\/post"}],"author":[{"embeddable":true,"href":"https:\/\/www.europesays.com\/fr\/wp-json\/wp\/v2\/users\/2"}],"replies":[{"embeddable":true,"href":"https:\/\/www.europesays.com\/fr\/wp-json\/wp\/v2\/comments?post=194313"}],"version-history":[{"count":0,"href":"https:\/\/www.europesays.com\/fr\/wp-json\/wp\/v2\/posts\/194313\/revisions"}],"wp:featuredmedia":[{"embeddable":true,"href":"https:\/\/www.europesays.com\/fr\/wp-json\/wp\/v2\/media\/194314"}],"wp:attachment":[{"href":"https:\/\/www.europesays.com\/fr\/wp-json\/wp\/v2\/media?parent=194313"}],"wp:term":[{"taxonomy":"category","embeddable":true,"href":"https:\/\/www.europesays.com\/fr\/wp-json\/wp\/v2\/categories?post=194313"},{"taxonomy":"post_tag","embeddable":true,"href":"https:\/\/www.europesays.com\/fr\/wp-json\/wp\/v2\/tags?post=194313"}],"curies":[{"name":"wp","href":"https:\/\/api.w.org\/{rel}","templated":true}]}}