{"id":194319,"date":"2025-06-21T21:05:09","date_gmt":"2025-06-21T21:05:09","guid":{"rendered":"https:\/\/www.europesays.com\/fr\/194319\/"},"modified":"2025-06-21T21:05:09","modified_gmt":"2025-06-21T21:05:09","slug":"je-veux-une-vraie-victoire-pascal-obispo-veut-un-triomphe-total-aux-victoires-de-la-musique-avant-de-raccrocher","status":"publish","type":"post","link":"https:\/\/www.europesays.com\/fr\/194319\/","title":{"rendered":"\u00ab\u00a0Je veux une vraie victoire\u00a0\u00bb, Pascal Obispo veut un triomphe total aux \u00ab\u00a0Victoires de la Musique\u00a0\u00bb avant de raccrocher"},"content":{"rendered":"<p>Pascal Obispo amorce progressivement <strong>une nouvelle phase<\/strong> dans sa carri\u00e8re musicale. Avant de refermer ce chapitre, il s\u2019est fix\u00e9 <strong>un objectif tr\u00e8s personnel<\/strong>.<\/p>\n<p>Dans Le bon dimanche show sur RTL, il a confi\u00e9 \u00e0 Bruno Guillon <strong>vouloir enfin remporter de vraies \u00ab\u00a0Victoires de la Musique\u00a0\u00bb<\/strong>. Un d\u00e9fi qu\u2019il veut relever pour clore sa carri\u00e8re sur une note forte.<\/p>\n<p>Pascal Obispo et les Victoires : l\u2019heure de la revanche ?<\/p>\n<p>Dans l\u2019\u00e9mission Le bon dimanche show (diffus\u00e9e ce dimanche 22 juin sur RTL), Pascal Obispo <strong>a surpris tout le monde<\/strong>. Il a r\u00e9v\u00e9l\u00e9 vouloir enfin d\u00e9crocher des \u00ab\u00a0Victoires de la Musique\u00a0\u00bb pour son prochain album. <strong>\u00ab\u00a0Il faut que je les aie\u00a0\u00bb<\/strong>, a-t-il lanc\u00e9 avec insistance, comme <a href=\"https:\/\/www.public.fr\/pascal-obispo-pret-a-creer-une-comedie-musicale-sur-johnny-hallyday-a-une-seule-condition\" target=\"_blank\" rel=\"noopener\">une promesse \u00e0 lui-m\u00eame<\/a>.<\/p>\n<p>Le chanteur veut \u00eatre reconnu pour son travail actuel, pas pour l\u2019ensemble de sa carri\u00e8re. Il vise <strong>le prix de la chanson de l\u2019ann\u00e9e<\/strong>, peut-\u00eatre celui du clip, et compte sortir plusieurs singles. Il esp\u00e8re que cette fois, <strong>la chance lui sourira enfin<\/strong>.<\/p>\n<p>\u00ab\u00a0Je vais tout faire\u00a0\u00bb : un dernier d\u00e9fi pour Pascal Obispo<\/p>\n<p>Pas question de finir sur un simple au revoir. Pascal Obispo <strong>veut une vraie victoire<\/strong>, pas une r\u00e9compense symbolique. <a href=\"https:\/\/www.public.fr\/cetait-moi-ladulte-pascal-obispo-sans-fard-sur-sa-relation-avec-johnny-hallyday\" target=\"_blank\" rel=\"noopener\">Il a expliqu\u00e9<\/a> vouloir mettre <strong>toutes les chances de son c\u00f4t\u00e9<\/strong>, dans ce dernier album.<\/p>\n<p>Pascal Obispo a <strong>souvent critiqu\u00e9 la comp\u00e9tition<\/strong> entre artistes, la qualifiant parfois de ridicule. Pourtant, cette fois, il annonce : <strong>\u00ab\u00a0Je vais tout faire pour gagner\u00a0\u00bb<\/strong>, avec un sourire et une pointe d\u2019humour. On sent chez lui une vraie envie d\u2019aller jusqu\u2019au bout cette ann\u00e9e.<\/p>\n<p>Une carri\u00e8re longue, une reconnaissance manquante<\/p>\n<p>Pascal Obispo n\u2019a re\u00e7u qu\u2019une seule \u00ab\u00a0Victoires de la Musique\u00a0\u00bb <strong>en pr\u00e8s de 35 ans<\/strong>, en 2004, pour sa tourn\u00e9e Fanlive. Beaucoup estiment que <strong>c\u2019est peu pour un artiste aussi populaire<\/strong>. Lui n\u2019en parlait pas trop jusqu\u2019\u00e0 maintenant.<\/p>\n<p>Aujourd\u2019hui, c\u2019est diff\u00e9rent : <strong>il veut conclure sa carri\u00e8re en beaut\u00e9<\/strong>. Ce dernier projet ressemble \u00e0 une qu\u00eate de reconnaissance tardive. Et si les \u00ab\u00a0Victoires de la Musique\u00a0\u00bb de 2026 <strong>devenaient enfin celles de Pascal Obispo<\/strong> ?<\/p>\n<p>      Mentionn\u00e9s dans cet article<\/p>\n<p>\u00c0 lire aussi<\/p>\n","protected":false},"excerpt":{"rendered":"Pascal Obispo amorce progressivement une nouvelle phase dans sa carri\u00e8re musicale. Avant de refermer ce chapitre, il s\u2019est&hellip;\n","protected":false},"author":2,"featured_media":194320,"comment_status":"","ping_status":"","sticky":false,"template":"","format":"standard","meta":{"footnotes":""},"categories":[1355],"tags":[58,59,1011,27,1361,873,17603,2700,8625],"class_list":{"0":"post-194319","1":"post","2":"type-post","3":"status-publish","4":"format-standard","5":"has-post-thumbnail","7":"category-musique","8":"tag-divertissement","9":"tag-entertainment","10":"tag-fr","11":"tag-france","12":"tag-music","13":"tag-musique","14":"tag-pascal-obispo","15":"tag-rtl","16":"tag-victoires-de-la-musique"},"share_on_mastodon":{"url":"https:\/\/pubeurope.com\/@fr\/114723391009665992","error":""},"_links":{"self":[{"href":"https:\/\/www.europesays.com\/fr\/wp-json\/wp\/v2\/posts\/194319","targetHints":{"allow":["GET"]}}],"collection":[{"href":"https:\/\/www.europesays.com\/fr\/wp-json\/wp\/v2\/posts"}],"about":[{"href":"https:\/\/www.europesays.com\/fr\/wp-json\/wp\/v2\/types\/post"}],"author":[{"embeddable":true,"href":"https:\/\/www.europesays.com\/fr\/wp-json\/wp\/v2\/users\/2"}],"replies":[{"embeddable":true,"href":"https:\/\/www.europesays.com\/fr\/wp-json\/wp\/v2\/comments?post=194319"}],"version-history":[{"count":0,"href":"https:\/\/www.europesays.com\/fr\/wp-json\/wp\/v2\/posts\/194319\/revisions"}],"wp:featuredmedia":[{"embeddable":true,"href":"https:\/\/www.europesays.com\/fr\/wp-json\/wp\/v2\/media\/194320"}],"wp:attachment":[{"href":"https:\/\/www.europesays.com\/fr\/wp-json\/wp\/v2\/media?parent=194319"}],"wp:term":[{"taxonomy":"category","embeddable":true,"href":"https:\/\/www.europesays.com\/fr\/wp-json\/wp\/v2\/categories?post=194319"},{"taxonomy":"post_tag","embeddable":true,"href":"https:\/\/www.europesays.com\/fr\/wp-json\/wp\/v2\/tags?post=194319"}],"curies":[{"name":"wp","href":"https:\/\/api.w.org\/{rel}","templated":true}]}}