{"id":194323,"date":"2025-06-21T21:07:10","date_gmt":"2025-06-21T21:07:10","guid":{"rendered":"https:\/\/www.europesays.com\/fr\/194323\/"},"modified":"2025-06-21T21:07:10","modified_gmt":"2025-06-21T21:07:10","slug":"se-lecher-le-coude-en-periode-de-canicule-est-ce-encore-une-idee-stupide","status":"publish","type":"post","link":"https:\/\/www.europesays.com\/fr\/194323\/","title":{"rendered":"Se l\u00e9cher le coude en p\u00e9riode de canicule, est-ce encore une id\u00e9e stupide ?"},"content":{"rendered":"<p>La <a href=\"https:\/\/www.presse-citron.net\/canicule-pourquoi-vague-chaleur-alarmer\/\" rel=\"nofollow noopener\" target=\"_blank\">France s\u2019appr\u00eate \u00e0 vivre un week-end historique en mati\u00e8re de temp\u00e9rateurs<\/a>\u00a0et la vague de chaleur qui s\u2019est install\u00e9e sur le territoire atteint des niveaux exceptionnels pour un mois de juin. Depuis le d\u00e9but de la semaine, les temp\u00e9ratures grimpent sans rel\u00e2che et sont port\u00e9es par un anticyclone tenace qui maintient un ciel bleu et un soleil de plomb sur la majeure partie du pays.<\/p>\n<p>Ce samedi 21 juin, jour du solstice d\u2019\u00e9t\u00e9 et de la F\u00eate de la Musique,<strong> le mercure devrait franchir la barre des 35\u00b0C sur de nombreux d\u00e9partements<\/strong> avec des pointes \u00e0 37 ou 38\u00b0C dans le Centre-Val de Loire, l\u2019Occitanie, la vall\u00e9e du Rh\u00f4ne et jusqu\u2019au Bassin parisien. Ce pic de chaleur s\u2019inscrit dans une tendance g\u00e9n\u00e9rale de vagues de chaleur plus pr\u00e9coces, plus longues et plus intenses \u2013 cons\u00e9quence directe du changement climatique.<\/p>\n<p>Astuce insolite mais utile\u00a0?<\/p>\n<p>En pleine p\u00e9riode de canicule, il n\u2019est pas rare de voir \u00e9merger des astuces insolites pour tenter de rester au frais. Parmi elles,<strong> l\u2019id\u00e9e de \u00ab\u00a0se l\u00e9cher le coude\u00a0\u00bb circule parfois<\/strong>. Mais d\u2019o\u00f9 vient cette \u00e9trange suggestion\u00a0? Et surtout, a-t-elle une quelconque utilit\u00e9 face \u00e0 la fournaise actuelle\u00a0?<\/p>\n<p>La r\u00e9ponse est simple\u00a0: <strong>il s\u2019agit avant tout d\u2019un d\u00e9fi physique ou d\u2019une blague, une fa\u00e7on d\u2019illustrer l\u2019impossible<\/strong>. Dans certaines cultures, \u201cl\u00e9cher son coude\u201d est une expression pour d\u00e9signer une chose irr\u00e9alisable. Il n\u2019existe donc pas de justification scientifique ou m\u00e9dicale \u00e0 cette pratique pour se rafra\u00eechir. Le geste est impossible pour la quasi-totalit\u00e9 des gens et il <strong>ne procure aucun soulagement face \u00e0 la chaleur et ne pr\u00e9sente aucun int\u00e9r\u00eat pratique<\/strong>.<\/p>\n<p>Les alternative qui marchent (vraiment)<\/p>\n<p>Avec les temp\u00e9ratures actuelles, se rafra\u00eechir devient un d\u00e9fi quotidien \u2013 et surtout en ville o\u00f9 l\u2019effet d\u2019\u00eelot de chaleur urbain amplifie encore la sensation de canicule. Les solutions traditionnelles comme boire r\u00e9guli\u00e8rement de l\u2019eau, rester \u00e0 l\u2019ombre ou utiliser un ventilateur sont bien connues. Mais d\u2019autres m\u00e9thodes \u2013 parfois un peu moins \u00e9videntes \u2013 peuvent aussi faire la diff\u00e9rence.<\/p>\n<p>Parmi les alternatives efficaces, <a href=\"https:\/\/www.presse-citron.net\/canicule-faut-il-manger-epice-pour-ne-pas-crever-de-chaud\/\" rel=\"nofollow noopener\" target=\"_blank\">manger \u00e9pic\u00e9 est une astuce surprenante mais r\u00e9elle<\/a>. Les plats relev\u00e9s stimulent la transpiration, ce qui permet \u00e0 l\u2019organisme de mieux r\u00e9guler sa temp\u00e9rature par \u00e9vaporation. Bien s\u00fbr, il est essentiel de compenser cette perte d\u2019eau en buvant davantage.<\/p>\n<p>Boire du th\u00e9 chaud ou ti\u00e8de \/plut\u00f4t que glac\u00e9) est une autre habitude venue d\u2019ailleurs\u00a0: elle favorise la transpiration et aide le corps \u00e0 s\u2019adapter \u00e0 la chaleur, tout en \u00e9vitant le choc thermique d\u2019une boisson trop froide. Porter des v\u00eatements amples et clairs limite l\u2019absorption de la chaleur et favorise la circulation de l\u2019air autour du corps. Encore plus \u00e9vident, utiliser un brumisateur d\u2019eau sur la peau procure une sensation imm\u00e9diate de fra\u00eecheur aussi.<\/p>\n<p>L\u2019alimentation joue aussi un r\u00f4le cl\u00e9 pour limiter la sensation de chaleur\u00a0: privil\u00e9gier des fruits riches en eau, comme la past\u00e8que, le melon ou le concombre, permet de s\u2019hydrater tout en se r\u00e9galant. \u00c9viter les repas trop copieux et lourds qui demandent plus d\u2019\u00e9nergie pour la digestion et produisent davantage de chaleur est \u00e9galement recommand\u00e9.<\/p>\n<blockquote>\n<p class=\"text-base text-neutral-700 dark:text-neutral-300\">\ud83d\udccd Pour ne manquer aucune actualit\u00e9 de Presse-citron, suivez-nous sur <a href=\"https:\/\/news.google.com\/publications\/CAAqBggKMIPiNTC70wU?hl=fr&amp;gl=FR&amp;ceid=FR%3Afr\" target=\"_blank\" rel=\"nofollow noopener\">Google Actualit\u00e9s<\/a> et <a href=\"https:\/\/whatsapp.com\/channel\/0029VaCkGuz4NViitBXbEr0b\" target=\"_blank\" rel=\"nofollow noopener\">WhatsApp<\/a>.<\/p>\n<\/blockquote>\n","protected":false},"excerpt":{"rendered":"La France s\u2019appr\u00eate \u00e0 vivre un week-end historique en mati\u00e8re de temp\u00e9rateurs\u00a0et la vague de chaleur qui s\u2019est&hellip;\n","protected":false},"author":2,"featured_media":194324,"comment_status":"","ping_status":"","sticky":false,"template":"","format":"standard","meta":{"footnotes":""},"categories":[10],"tags":[1011,27,72,71],"class_list":{"0":"post-194323","1":"post","2":"type-post","3":"status-publish","4":"format-standard","5":"has-post-thumbnail","7":"category-sante","8":"tag-fr","9":"tag-france","10":"tag-health","11":"tag-sante"},"share_on_mastodon":{"url":"https:\/\/pubeurope.com\/@fr\/114723398833801791","error":""},"_links":{"self":[{"href":"https:\/\/www.europesays.com\/fr\/wp-json\/wp\/v2\/posts\/194323","targetHints":{"allow":["GET"]}}],"collection":[{"href":"https:\/\/www.europesays.com\/fr\/wp-json\/wp\/v2\/posts"}],"about":[{"href":"https:\/\/www.europesays.com\/fr\/wp-json\/wp\/v2\/types\/post"}],"author":[{"embeddable":true,"href":"https:\/\/www.europesays.com\/fr\/wp-json\/wp\/v2\/users\/2"}],"replies":[{"embeddable":true,"href":"https:\/\/www.europesays.com\/fr\/wp-json\/wp\/v2\/comments?post=194323"}],"version-history":[{"count":0,"href":"https:\/\/www.europesays.com\/fr\/wp-json\/wp\/v2\/posts\/194323\/revisions"}],"wp:featuredmedia":[{"embeddable":true,"href":"https:\/\/www.europesays.com\/fr\/wp-json\/wp\/v2\/media\/194324"}],"wp:attachment":[{"href":"https:\/\/www.europesays.com\/fr\/wp-json\/wp\/v2\/media?parent=194323"}],"wp:term":[{"taxonomy":"category","embeddable":true,"href":"https:\/\/www.europesays.com\/fr\/wp-json\/wp\/v2\/categories?post=194323"},{"taxonomy":"post_tag","embeddable":true,"href":"https:\/\/www.europesays.com\/fr\/wp-json\/wp\/v2\/tags?post=194323"}],"curies":[{"name":"wp","href":"https:\/\/api.w.org\/{rel}","templated":true}]}}