{"id":194333,"date":"2025-06-21T21:12:13","date_gmt":"2025-06-21T21:12:13","guid":{"rendered":"https:\/\/www.europesays.com\/fr\/194333\/"},"modified":"2025-06-21T21:12:13","modified_gmt":"2025-06-21T21:12:13","slug":"huit-morts-dans-un-accident-de-montgolfiere","status":"publish","type":"post","link":"https:\/\/www.europesays.com\/fr\/194333\/","title":{"rendered":"Huit morts dans un accident de montgolfi\u00e8re"},"content":{"rendered":"<p>Huit personnes ont trouv\u00e9 la mort samedi dans l\u2019incendie puis la chute d\u2019une montgolfi\u00e8re <a href=\"https:\/\/www.20minutes.fr\/dossier\/bresil\" class=\"color-ultramarine c-link\" target=\"_blank\" rel=\"noopener\">dans le sud du Br\u00e9sil<\/a>, a annonc\u00e9 le gouverneur de l\u2019\u00c9tat de Santa Catarina.<\/p>\n<p>\u00ab\u00a0Huit victimes mortelles et treize survivants\u00a0\u00bb, tel est le bilan parmi les \u00ab\u00a021 personnes \u00e0 bord\u00a0\u00bb qui avaient pris place \u00e0 bord de la montgolfi\u00e8re, a d\u00e9clar\u00e9 <a href=\"https:\/\/x.com\/jorginhomello?lang=fr\" rel=\"nofollow\" target=\"_blank\" class=\"color-ultramarine c-link\">le gouverneur Jorginho Mello sur X.<\/a><\/p>\n<p>Chute de la nacelle en flammes<\/p>\n<p>Des vid\u00e9os prises par des t\u00e9moins et diffus\u00e9es par la t\u00e9l\u00e9vision br\u00e9silienne ont montr\u00e9 le moment o\u00f9 le ballon a pris feu dans les airs, au-dessus de la ville c\u00f4ti\u00e8re de Praia Grande. La nacelle s\u2019est d\u00e9tach\u00e9e et est tomb\u00e9e en flammes.<\/p>\n<p>Les causes de l\u2019accident font toujours l\u2019objet d\u2019une enqu\u00eate. Les vid\u00e9os montrent que les conditions m\u00e9t\u00e9orologiques \u00e9taient bonnes. \u00ab\u00a0Je tiens \u00e0 exprimer ma solidarit\u00e9 envers les familles des victimes\u00a0\u00bb, a d\u00e9clar\u00e9 le pr\u00e9sident Luiz In\u00e1cio Lula da Silva dans un communiqu\u00e9.<\/p>\n<p>Un incendie en vol<\/p>\n<p>Le pilote a surv\u00e9cu et a d\u00e9clar\u00e9 aux autorit\u00e9s que le feu aurait \u00e9t\u00e9 d\u00e9clench\u00e9 par \u00ab\u00a0un chalumeau\u00a0\u00bb qui se trouvait \u00ab\u00a0dans la nacelle, a indiqu\u00e9 Tiago Luiz Lemos, responsable du commissariat de Praia Grande, \u00e0 la presse locale. Il n\u2019a pas su dire si le chalumeau \u00e9tait rest\u00e9 allum\u00e9 ou s\u2019il s\u2019\u00e9tait spontan\u00e9ment enflamm\u00e9.\u00a0\u00bb<\/p>\n<\/p>\n<p>Lorsque le feu s\u2019est d\u00e9clar\u00e9, le pilote \u00ab\u00a0a commenc\u00e9 \u00e0 faire descendre la montgolfi\u00e8re et, lorsqu\u2019il \u00e9tait pr\u00e8s du sol, il a ordonn\u00e9 aux passagers de sauter du panier. Mais certains n\u2019ont pas r\u00e9ussi \u00e0 le faire et le feu a commenc\u00e9 \u00e0 prendre de l\u2019ampleur\u00a0\u00bb, a-t-il ajout\u00e9.<\/p>\n<p>Deux accidents en quelques jours<\/p>\n<p>Un t\u00e9moin de l\u2019accident a racont\u00e9 au journal Razao avoir vu \u00ab\u00a0deux personnes tomber, en feu, et juste apr\u00e8s, la nacelle s\u2019est bris\u00e9e et le ballon est tomb\u00e9\u00a0\u00bb.<\/p>\n<p><a href=\"https:\/\/www.20minutes.fr\/dossier\/bresil\" class=\"c-link c-btn c-btn--primary\" target=\"_blank\" rel=\"noopener\">Tous nos articles sur le Br\u00e9sil<\/a><\/p>\n<p>Praia Grande est une destination r\u00e9put\u00e9e pour la pratique de l\u2019a\u00e9rostation au Br\u00e9sil. Il s\u2019agit du deuxi\u00e8me accident mortel impliquant une montgolfi\u00e8re au Br\u00e9sil en quelques jours\u00a0: il y a moins d\u2019une semaine, <a href=\"https:\/\/www.20minutes.fr\/monde\/bresil\/4159347-20250619-bresil-femme-enceinte-meurt-crash-montgolfiere-volait-autorisation\" class=\"color-ultramarine c-link\" target=\"_blank\" rel=\"noopener\">une passag\u00e8re a p\u00e9ri lors d\u2019un vol<\/a> dans l\u2019\u00c9tat de Sao Paulo (sud-est).<\/p>\n","protected":false},"excerpt":{"rendered":"Huit personnes ont trouv\u00e9 la mort samedi dans l\u2019incendie puis la chute d\u2019une montgolfi\u00e8re dans le sud du&hellip;\n","protected":false},"author":2,"featured_media":194334,"comment_status":"","ping_status":"","sticky":false,"template":"","format":"standard","meta":{"footnotes":""},"categories":[5],"tags":[119,47,11,2548,14367,1011,27,14,74,12,33323,28],"class_list":{"0":"post-194333","1":"post","2":"type-post","3":"status-publish","4":"format-standard","5":"has-post-thumbnail","7":"category-international","8":"tag-accident","9":"tag-actualite","10":"tag-actualites","11":"tag-bresil","12":"tag-commissariat","13":"tag-fr","14":"tag-france","15":"tag-international","16":"tag-monde","17":"tag-news","18":"tag-sao-paulo","19":"tag-world"},"share_on_mastodon":{"url":"https:\/\/pubeurope.com\/@fr\/114723418586262513","error":""},"_links":{"self":[{"href":"https:\/\/www.europesays.com\/fr\/wp-json\/wp\/v2\/posts\/194333","targetHints":{"allow":["GET"]}}],"collection":[{"href":"https:\/\/www.europesays.com\/fr\/wp-json\/wp\/v2\/posts"}],"about":[{"href":"https:\/\/www.europesays.com\/fr\/wp-json\/wp\/v2\/types\/post"}],"author":[{"embeddable":true,"href":"https:\/\/www.europesays.com\/fr\/wp-json\/wp\/v2\/users\/2"}],"replies":[{"embeddable":true,"href":"https:\/\/www.europesays.com\/fr\/wp-json\/wp\/v2\/comments?post=194333"}],"version-history":[{"count":0,"href":"https:\/\/www.europesays.com\/fr\/wp-json\/wp\/v2\/posts\/194333\/revisions"}],"wp:featuredmedia":[{"embeddable":true,"href":"https:\/\/www.europesays.com\/fr\/wp-json\/wp\/v2\/media\/194334"}],"wp:attachment":[{"href":"https:\/\/www.europesays.com\/fr\/wp-json\/wp\/v2\/media?parent=194333"}],"wp:term":[{"taxonomy":"category","embeddable":true,"href":"https:\/\/www.europesays.com\/fr\/wp-json\/wp\/v2\/categories?post=194333"},{"taxonomy":"post_tag","embeddable":true,"href":"https:\/\/www.europesays.com\/fr\/wp-json\/wp\/v2\/tags?post=194333"}],"curies":[{"name":"wp","href":"https:\/\/api.w.org\/{rel}","templated":true}]}}