{"id":194339,"date":"2025-06-21T21:15:56","date_gmt":"2025-06-21T21:15:56","guid":{"rendered":"https:\/\/www.europesays.com\/fr\/194339\/"},"modified":"2025-06-21T21:15:56","modified_gmt":"2025-06-21T21:15:56","slug":"greve-des-personnels-de-leducation-nationale-un-rassemblement-ce-jeudi-a-saint-etienne-2","status":"publish","type":"post","link":"https:\/\/www.europesays.com\/fr\/194339\/","title":{"rendered":"Gr\u00e8ve des personnels de l&rsquo;\u00c9ducation nationale : un rassemblement ce jeudi \u00e0 Saint-\u00c9tienne"},"content":{"rendered":"<p>Les personnels de l&rsquo;\u00c9ducation nationale sont appel\u00e9s \u00e0 la gr\u00e8ve, ce jeudi 19 juin, apr\u00e8s le meurtre d&rsquo;une assistante d&rsquo;\u00e9ducation, la semaine derni\u00e8re, \u00e0 Nogent (Haute-Marne). Un rassemblement est pr\u00e9vu \u00e0 10h30, \u00e0 Saint-\u00c9tienne.<\/p>\n<p>Apr\u00e8s l&rsquo;\u00e9motion, la mobilisation.<\/p>\n<p>Face au drame qui s&rsquo;est produit mardi 10 juin dans un coll\u00e8ge de <b>Nogent<\/b> (Haute-Marne), les personnels de l&rsquo;\u00c9ducation nationale sont appel\u00e9s \u00e0 la <b>gr\u00e8ve<\/b> ce jeudi 19 juin.<\/p>\n<p>\u00ab\u00a0Des recrutements et des moyens massifs\u00a0\u00bb<\/p>\n<p>Plusieurs syndicats relaient cet appel, r\u00e9clamant \u00ab\u00a0des recrutements et des moyens massifs pour l&rsquo;\u00e9cole afin de pr\u00e9venir la violence\u00a0\u00bb.<\/p>\n<p>Outre les perturbations \u00e0 pr\u00e9voir dans les \u00e9coles, les coll\u00e8ges et les lyc\u00e9es, un rassemblement est organis\u00e9 \u00e0 <b>10h30<\/b>, devant les locaux de la Direction des services d\u00e9partementaux de l&rsquo;\u00c9ducation nationale (DSDEN), pr\u00e8s de Centre Deux, \u00e0 <b>Saint-\u00c9tienne<\/b>.<\/p>\n<p><img loading=\"lazy\" decoding=\"async\" src=\"https:\/\/www.europesays.com\/fr\/wp-content\/uploads\/2025\/06\/1750540556_2_img\" width=\"350\" height=\"200\" border=\"0\" title=\"Les agents territoriaux mobilis\u00c3\u00a9s sur le parvis de l'H\u00c3\u00b4tel de Ville, \u00c3\u00a0 Saint-\u00c3\u0089tienne\"\/><\/p>\n<p>\u25baSoci\u00e9t\u00e9<\/p>\n<p style=\"font-size: 22px;\"><b>Gr\u00e8ve des agents territoriaux \u00e0 Saint-\u00c9tienne : des n\u00e9gociations mais pas d&rsquo;annonce<\/b><\/p>\n<p>Pr\u00e8s de 200 personnes se sont r\u00e9unies, ce vendredi&#8230;<\/p>\n<p><\/p>\n","protected":false},"excerpt":{"rendered":"Les personnels de l&rsquo;\u00c9ducation nationale sont appel\u00e9s \u00e0 la gr\u00e8ve, ce jeudi 19 juin, apr\u00e8s le meurtre d&rsquo;une&hellip;\n","protected":false},"author":2,"featured_media":187675,"comment_status":"","ping_status":"","sticky":false,"template":"","format":"standard","meta":{"footnotes":""},"categories":[9653],"tags":[5071,32537,1111,11,2430,31481,1777,674,1011,27,10956,32538,2088,12,29877,25,9920,4001],"class_list":{"0":"post-194339","1":"post","2":"type-post","3":"status-publish","4":"format-standard","5":"has-post-thumbnail","7":"category-saint-etienne","8":"tag-cole","9":"tag-ducation-nationale","10":"tag-actu","11":"tag-actualites","12":"tag-auvergne-rhone-alpes","13":"tag-collge","14":"tag-eu","15":"tag-europe","16":"tag-fr","17":"tag-france","18":"tag-grve","19":"tag-lyce","20":"tag-manifestation","21":"tag-news","22":"tag-nogent","23":"tag-republique-francaise","24":"tag-saint-tienne","25":"tag-saint-etienne"},"share_on_mastodon":{"url":"https:\/\/pubeurope.com\/@fr\/114723434281624843","error":""},"_links":{"self":[{"href":"https:\/\/www.europesays.com\/fr\/wp-json\/wp\/v2\/posts\/194339","targetHints":{"allow":["GET"]}}],"collection":[{"href":"https:\/\/www.europesays.com\/fr\/wp-json\/wp\/v2\/posts"}],"about":[{"href":"https:\/\/www.europesays.com\/fr\/wp-json\/wp\/v2\/types\/post"}],"author":[{"embeddable":true,"href":"https:\/\/www.europesays.com\/fr\/wp-json\/wp\/v2\/users\/2"}],"replies":[{"embeddable":true,"href":"https:\/\/www.europesays.com\/fr\/wp-json\/wp\/v2\/comments?post=194339"}],"version-history":[{"count":0,"href":"https:\/\/www.europesays.com\/fr\/wp-json\/wp\/v2\/posts\/194339\/revisions"}],"wp:featuredmedia":[{"embeddable":true,"href":"https:\/\/www.europesays.com\/fr\/wp-json\/wp\/v2\/media\/187675"}],"wp:attachment":[{"href":"https:\/\/www.europesays.com\/fr\/wp-json\/wp\/v2\/media?parent=194339"}],"wp:term":[{"taxonomy":"category","embeddable":true,"href":"https:\/\/www.europesays.com\/fr\/wp-json\/wp\/v2\/categories?post=194339"},{"taxonomy":"post_tag","embeddable":true,"href":"https:\/\/www.europesays.com\/fr\/wp-json\/wp\/v2\/tags?post=194339"}],"curies":[{"name":"wp","href":"https:\/\/api.w.org\/{rel}","templated":true}]}}