{"id":194359,"date":"2025-06-21T21:31:12","date_gmt":"2025-06-21T21:31:12","guid":{"rendered":"https:\/\/www.europesays.com\/fr\/194359\/"},"modified":"2025-06-21T21:31:12","modified_gmt":"2025-06-21T21:31:12","slug":"le-projet-de-maison-de-repit-avance","status":"publish","type":"post","link":"https:\/\/www.europesays.com\/fr\/194359\/","title":{"rendered":"le projet de maison de r\u00e9pit avance"},"content":{"rendered":"<p>\u00ab\u00a0Actuellement, il n\u2019existe pas d\u2019offre de s\u00e9jour temporaire pour les personnes tr\u00e8s d\u00e9pendantes et \u00e2g\u00e9es.\u00a0\u00bb Autour de ce constat et la volont\u00e9 d\u2019y pallier, l\u2019Asdepal s\u2019est constitu\u00e9e il y a une dizaine d\u2019ann\u00e9es, en 2014. L\u2019Association pour le d\u00e9veloppement de Palliance, bas\u00e9e \u00e0 La Wantzenau, <a href=\"https:\/\/www.dna.fr\/sante\/2016\/10\/09\/une-maison-pour-accompagner\" target=\"_blank\" rel=\"noopener\">porte ainsi depuis ses origines le projet d\u2019une maison de r\u00e9pit<\/a> , dans la m\u00eame commune. Une maison \u00e0 juste titre nomm\u00e9e \u00ab\u00a0Palliance\u00a0\u00bb, contraction de \u00ab\u00a0Pallier\u00a0\u00bb et \u00ab\u00a0Alliance\u00a0\u00bb, trait d\u2019union entre \u00ab\u00a0palliatif\u00a0\u00bb et \u00ab\u00a0soutien aux proches\u00a0\u00bb.<\/p>\n<p>Une dizaine d\u2019adultes de tous profils<\/p>\n<p>Personne \u00e2g\u00e9e grabataire ou jeune t\u00e9trapl\u00e9gique, celle-ci accueillerait \u00ab\u00a0une dizaine d\u2019adultes de tous profils, d\u2019\u00e2ge ou de perte d\u2019autonomie\u00a0\u00bb r\u00e9sidant dans la commune ou l\u2019Eurom\u00e9tropole, pr\u00e9sente Mich\u00e8le Brisset.<\/p>\n<p>Soignante et ancienne aidante, comme la plupart des dix autres membres fondateurs, la pr\u00e9sidente milite de longue date pour que le r\u00e9pit puisse \u00eatre offert aux aidants par le biais d\u2019un placement des aid\u00e9s hors&#8230;<\/p>\n","protected":false},"excerpt":{"rendered":"\u00ab\u00a0Actuellement, il n\u2019existe pas d\u2019offre de s\u00e9jour temporaire pour les personnes tr\u00e8s d\u00e9pendantes et \u00e2g\u00e9es.\u00a0\u00bb Autour de ce&hellip;\n","protected":false},"author":2,"featured_media":194360,"comment_status":"","ping_status":"","sticky":false,"template":"","format":"standard","meta":{"footnotes":""},"categories":[2820],"tags":[1111,11,4749,33,2880,1777,674,107,1011,27,775,1943,9440,12,25,71,801,104,640,3265,1631],"class_list":{"0":"post-194359","1":"post","2":"type-post","3":"status-publish","4":"format-standard","5":"has-post-thumbnail","7":"category-strasbourg","8":"tag-actu","9":"tag-actualites","10":"tag-btp-et-chantiers","11":"tag-economie","12":"tag-edition-strasbourg","13":"tag-eu","14":"tag-europe","15":"tag-fil-info","16":"tag-fr","17":"tag-france","18":"tag-grand-est","19":"tag-handicap","20":"tag-la-wantzenau","21":"tag-news","22":"tag-republique-francaise","23":"tag-sante","24":"tag-social","25":"tag-societe","26":"tag-strasbourg","27":"tag-strasbourg-nord","28":"tag-vie-associative"},"share_on_mastodon":{"url":"https:\/\/pubeurope.com\/@fr\/114723493262757565","error":""},"_links":{"self":[{"href":"https:\/\/www.europesays.com\/fr\/wp-json\/wp\/v2\/posts\/194359","targetHints":{"allow":["GET"]}}],"collection":[{"href":"https:\/\/www.europesays.com\/fr\/wp-json\/wp\/v2\/posts"}],"about":[{"href":"https:\/\/www.europesays.com\/fr\/wp-json\/wp\/v2\/types\/post"}],"author":[{"embeddable":true,"href":"https:\/\/www.europesays.com\/fr\/wp-json\/wp\/v2\/users\/2"}],"replies":[{"embeddable":true,"href":"https:\/\/www.europesays.com\/fr\/wp-json\/wp\/v2\/comments?post=194359"}],"version-history":[{"count":0,"href":"https:\/\/www.europesays.com\/fr\/wp-json\/wp\/v2\/posts\/194359\/revisions"}],"wp:featuredmedia":[{"embeddable":true,"href":"https:\/\/www.europesays.com\/fr\/wp-json\/wp\/v2\/media\/194360"}],"wp:attachment":[{"href":"https:\/\/www.europesays.com\/fr\/wp-json\/wp\/v2\/media?parent=194359"}],"wp:term":[{"taxonomy":"category","embeddable":true,"href":"https:\/\/www.europesays.com\/fr\/wp-json\/wp\/v2\/categories?post=194359"},{"taxonomy":"post_tag","embeddable":true,"href":"https:\/\/www.europesays.com\/fr\/wp-json\/wp\/v2\/tags?post=194359"}],"curies":[{"name":"wp","href":"https:\/\/api.w.org\/{rel}","templated":true}]}}