{"id":19436,"date":"2025-04-12T08:32:07","date_gmt":"2025-04-12T08:32:07","guid":{"rendered":"https:\/\/www.europesays.com\/fr\/19436\/"},"modified":"2025-04-12T08:32:07","modified_gmt":"2025-04-12T08:32:07","slug":"operation-coup-de-poing-contre-un-point-de-deal-six-suspects-mis-en-examen","status":"publish","type":"post","link":"https:\/\/www.europesays.com\/fr\/19436\/","title":{"rendered":"op\u00e9ration coup de poing contre un point de deal, six suspects mis en examen"},"content":{"rendered":"<p>            Par<br \/>\n        <strong><br \/>\n            <a href=\"https:\/\/actu.fr\/auteur\/laurent-derne\" title=\"Consulter tous les articles de Laurent Derne\" rel=\"nofollow noopener\" target=\"_blank\">Laurent Derne<\/a><br \/>\n        <\/strong><\/p>\n<p>        Publi\u00e9 le<\/p>\n<p>            11 avr. 2025 \u00e0 11h28        <\/p>\n<p>Un bon coup de pied dans la fourmili\u00e8re. Une grosse <strong>op\u00e9ration de police<\/strong> a \u00e9t\u00e9 d\u00e9clench\u00e9e aux aurores, mardi 8 avril 2025, \u00e0 <a href=\"https:\/\/actu.fr\/toulouse\/faits-divers\" rel=\"nofollow noopener\" target=\"_blank\">Toulouse<\/a>, dans le cadre de la lutte contre le <strong>trafic de drogue<\/strong> et de <strong>cigarettes de contrebande<\/strong>.<\/p>\n<p>12 \u00ab\u00a0cibles\u00a0\u00bb appr\u00e9hend\u00e9es<\/p>\n<p class=\" wall-content\">\u00ab\u00a0Le <strong>point de deal<\/strong> vis\u00e9 se situe \u00e0<strong> Bagatelle<\/strong> et g\u00e9n\u00e9rait de grosses nuisances pour les riverains\u00a0\u00bb, confie une source polici\u00e8re d\u2019Actu Toulouse. <\/p>\n<p class=\" wall-content\">Agissant sur commission rogatoire d\u2019un <strong>juge d\u2019instruction<\/strong> de Toulouse, des dizaines de policiers ont \u00e9t\u00e9 d\u00e9ploy\u00e9s simultan\u00e9ment en divers points de la Ville rose, mais aussi \u00e0 <strong>Grenade<\/strong>, <strong>Colomiers<\/strong>, <strong>Portet<\/strong> et m\u00eame\u2026 <a href=\"https:\/\/actu.fr\/occitanie\/saint-alban_31467\/pres-de-toulouse-le-trio-devait-toucher-40-000-euros-pour-tuer-un-homme-et-se-trompe-de-maison_62488054.html\" rel=\"nofollow noopener\" target=\"_blank\">Marseille<\/a>.\u00a0<\/p>\n<p class=\" wall-content\">\n<p class=\" wall-content\">Aux c\u00f4t\u00e9s de la brigade des stups (DCT), des <strong>CRS<\/strong> ainsi que des sp\u00e9cialistes du <strong>RAID<\/strong>\u00a0et de la\u00a0<strong>BRI<\/strong>. Au total, sur les \u00ab\u00a016 objectifs vis\u00e9s\u00a0\u00bb par les forces de l\u2019ordre, <strong>12 suspects<\/strong> ont \u00e9t\u00e9 appr\u00e9hend\u00e9s et plac\u00e9s en garde \u00e0 vue.<\/p>\n<p>Vid\u00e9os : en ce moment sur ActuCinq hommes et une femme mis en examen<\/p>\n<p class=\" wall-content\"><a href=\"https:\/\/actu.fr\/occitanie\/toulouse_31555\/trafic-de-drogue-a-toulouse-client-guetteur-nourrice-dealer-trafiquant-quelles-peines-encourues_61747052.html\" rel=\"nofollow noopener\" target=\"_blank\">Vendeurs, approvisionneurs, nourrices<\/a>\u2026 L\u2019enqu\u00eate \u00e9tant ouverte pour \u00ab\u00a0acquisition, transport, d\u00e9tention et importation de produits stup\u00e9fiants\u00a0\u00bb, les diff\u00e9rents <strong>maillons de la cha\u00eene<\/strong> \u00e9taient vis\u00e9s. Lors des perquisitions, <strong>15 000 euros en cash<\/strong> et <strong>2 kg de drogue<\/strong> ont \u00e9t\u00e9 saisis (herbe, cannabis, coca\u00efne).<\/p>\n<p class=\" wall-content\">Apr\u00e8s 72 heures d\u2019audition,<strong> six individus<\/strong> \u2013 cinq hommes \u00e2g\u00e9s de 20 \u00e0 30 ans et une femme de 27 ans \u2013 sont d\u00e9f\u00e9r\u00e9s ce vendredi matin devant la justice en vue d\u2019une <strong>mise en examen<\/strong>. L\u2019instruction se poursuit.\u00a0<\/p>\n<p class=\" wall-content\">Suivez toute l\u2019actualit\u00e9 de vos villes et m\u00e9dias favoris en vous inscrivant \u00e0 <a href=\"https:\/\/moncompte.actu.fr\" title=\"D\u00e9couvez Mon Actu\" rel=\"nofollow noopener\" data-trk=\"{&quot;cta&quot;:{&quot;action&quot;:&quot;https:\\\/\\\/moncompte.actu.fr&quot;,&quot;category&quot;:&quot;mon compte&quot;,&quot;from&quot;:&quot;article footer&quot;,&quot;name&quot;:&quot;Mon actu&quot;,&quot;type&quot;:&quot;cta&quot;}}\" target=\"_blank\">Mon Actu<\/a>.<\/p>\n","protected":false},"excerpt":{"rendered":"Par Laurent Derne Publi\u00e9 le 11 avr. 2025 \u00e0 11h28 Un bon coup de pied dans la fourmili\u00e8re.&hellip;\n","protected":false},"author":2,"featured_media":19437,"comment_status":"","ping_status":"","sticky":false,"template":"","format":"standard","meta":{"footnotes":""},"categories":[2816],"tags":[1111,11,1052,1777,674,118,1011,27,12,2680,1072,25,2312],"class_list":{"0":"post-19436","1":"post","2":"type-post","3":"status-publish","4":"format-standard","5":"has-post-thumbnail","7":"category-toulouse","8":"tag-actu","9":"tag-actualites","10":"tag-drogue","11":"tag-eu","12":"tag-europe","13":"tag-faits-divers","14":"tag-fr","15":"tag-france","16":"tag-news","17":"tag-occitanie","18":"tag-police","19":"tag-republique-francaise","20":"tag-toulouse"},"share_on_mastodon":{"url":"https:\/\/pubeurope.com\/@fr\/114324068433101909","error":""},"_links":{"self":[{"href":"https:\/\/www.europesays.com\/fr\/wp-json\/wp\/v2\/posts\/19436","targetHints":{"allow":["GET"]}}],"collection":[{"href":"https:\/\/www.europesays.com\/fr\/wp-json\/wp\/v2\/posts"}],"about":[{"href":"https:\/\/www.europesays.com\/fr\/wp-json\/wp\/v2\/types\/post"}],"author":[{"embeddable":true,"href":"https:\/\/www.europesays.com\/fr\/wp-json\/wp\/v2\/users\/2"}],"replies":[{"embeddable":true,"href":"https:\/\/www.europesays.com\/fr\/wp-json\/wp\/v2\/comments?post=19436"}],"version-history":[{"count":0,"href":"https:\/\/www.europesays.com\/fr\/wp-json\/wp\/v2\/posts\/19436\/revisions"}],"wp:featuredmedia":[{"embeddable":true,"href":"https:\/\/www.europesays.com\/fr\/wp-json\/wp\/v2\/media\/19437"}],"wp:attachment":[{"href":"https:\/\/www.europesays.com\/fr\/wp-json\/wp\/v2\/media?parent=19436"}],"wp:term":[{"taxonomy":"category","embeddable":true,"href":"https:\/\/www.europesays.com\/fr\/wp-json\/wp\/v2\/categories?post=19436"},{"taxonomy":"post_tag","embeddable":true,"href":"https:\/\/www.europesays.com\/fr\/wp-json\/wp\/v2\/tags?post=19436"}],"curies":[{"name":"wp","href":"https:\/\/api.w.org\/{rel}","templated":true}]}}