{"id":194362,"date":"2025-06-21T21:33:14","date_gmt":"2025-06-21T21:33:14","guid":{"rendered":"https:\/\/www.europesays.com\/fr\/194362\/"},"modified":"2025-06-21T21:33:14","modified_gmt":"2025-06-21T21:33:14","slug":"incendie-pres-de-nice-des-hectares-brules-des-canadairs-en-renfort-le-point","status":"publish","type":"post","link":"https:\/\/www.europesays.com\/fr\/194362\/","title":{"rendered":"Incendie pr\u00e8s de Nice. Des hectares br\u00fbl\u00e9s, des canadairs en renfort : le point"},"content":{"rendered":"<p>            Par<br \/>\n        <strong><br \/>\n            <a href=\"https:\/\/actu.fr\/auteur\/ugo-maillard\" title=\"Consulter tous les articles de Ugo Maillard\" rel=\"nofollow noopener\" target=\"_blank\">Ugo Maillard<\/a><br \/>\n        <\/strong><\/p>\n<p>        Publi\u00e9 le<\/p>\n<p>            19 juin 2025 \u00e0 9h16        <\/p>\n<p>En raison d\u2019un <a href=\"https:\/\/actu.fr\/provence-alpes-cote-d-azur\/la-trinite_06149\/pres-de-nice-un-feu-de-vehicule-se-propage-a-la-vegetation-des-canadairs-deployes_62791037.html\" rel=\"nofollow noopener\" target=\"_blank\">feu de v\u00e9hicule<\/a> sur la commune de La\u00a0Trinit\u00e9, au nord de Nice, un <strong>incendie s\u2019est propag\u00e9 \u00e0 la v\u00e9g\u00e9tation<\/strong> dans le secteur de Laghet, le mercredi 18\u00a0juin 2025. Les sapeurs-pompiers des <a href=\"https:\/\/actu.fr\/provence-alpes-cote-d-azur\/alpes-maritimes_06\" rel=\"nofollow noopener\" target=\"_blank\">Alpes-Maritimes<\/a> ont tr\u00e8s vite \u00e9t\u00e9 mobilis\u00e9s sur les lieux pour limiter l\u2019impact du feu.<\/p>\n<p class=\" wall-content\">Dans la nuit de mercredi \u00e0 jeudi, une surveillance constante du feu a \u00e9t\u00e9 effectu\u00e9e par les secours au sol, ainsi que des moyens a\u00e9riens.<\/p>\n<p class=\" wall-content\">On fait le point.<\/p>\n<p>\u00ab\u2009Une situation calme\u2009\u00bb<\/p>\n<p class=\" wall-content\">Si la propagation est jug\u00e9e \u00ab\u2009lente\u2009\u00bb par les sapeurs-pompiers des Alpes-Maritimes en raison d\u2019un faible vent, l\u2019incendie a d\u00e9truit pr\u00e8s de <strong>14 hectares de v\u00e9g\u00e9tation<\/strong> dans le secteur de La\u00a0Trinit\u00e9.<\/p>\n<p>    <a href=\"https:\/\/www.google.com\/maps\/embed?pb=!1m18!1m12!1m3!1d77562.66541033913!2d7.3596327656314084!3d43.74296315953811!2m3!1f0!2f0!3f0!3m2!1i1024!2i768!4f13.1!3m3!1m2!1s0x12cdc486070cefb3%3A0x40819a5fd9796a0!2s06340%20La%20Trinit%C3%A9!5e0!3m2!1sfr!2sfr!4v1750316578851!5m2!1sfr!2sfr\" title=\"Ouvrie le lien\" rel=\"nofollow noopener\" target=\"_blank\">Cliquez ici pour visualiser le contenu<\/a><\/p>\n<p>Vid\u00e9os : en ce moment sur Actu<\/p>\n<p class=\" wall-content\">Ce jeudi matin \u00e0 7h, les secours estiment que la situation est calme. L\u2019heure est d\u00e9sormais au <strong>traitement des lisi\u00e8res<\/strong> pour \u00e9viter tout nouveau d\u00e9part de feu et d\u00e9finitivement stabiliser la situation. L\u2019\u00e9quipe drone effectue des reconnaissances a\u00e9riennes pour faciliter le travail des \u00e9quipes au sol.<\/p>\n<p class=\" wall-content\">Une cinquantaine de sapeurs-pompiers des Alpes-Maritimes, soutenus par une dizaine des forestiers sapeurs FORCE06 (conseil d\u00e9partemental) sont mobilis\u00e9s sur place, ce jeudi 19\u00a0juin. \u00c0 noter que plus d\u2019une centaine de soldats du feu ont \u00e9t\u00e9 d\u00e9ploy\u00e9s au plus fort de l\u2019incendie.<\/p>\n<p>    <img   decoding=\"async\" loading=\"lazy\" src=\"https:\/\/www.europesays.com\/fr\/wp-content\/uploads\/2025\/06\/pompiers-incenide-nice-960x640.png\" alt=\"Un poste de contr\u00f4le a \u00e9t\u00e9 mis en place.\" width=\"960\" height=\"640\"\/><br \/>\n    Un poste de commandement a \u00e9t\u00e9 mis en place. (\u00a9SDIS 06)Limitez vos d\u00e9placements dans le secteur<\/p>\n<p class=\" wall-content\">Gr\u00e2ce \u00e0 l\u2019intervention rapide et au d\u00e9ploiement massif des soldats,<strong> aucune victime n\u2019est \u00e0 d\u00e9plorer<\/strong> et aucune habitation endommag\u00e9e.<\/p>\n<p class=\" wall-content\">Les pompiers invitent les habitants \u00e0 limiter leurs d\u00e9placements dans ce secteur jusqu\u2019\u00e0 la fin de l\u2019intervention des secours.<\/p>\n<p class=\" wall-content\">Suivez toute l\u2019actualit\u00e9 de vos villes et m\u00e9dias favoris en vous inscrivant \u00e0 <a href=\"https:\/\/moncompte.actu.fr\" title=\"D\u00e9couvez Mon Actu\" rel=\"nofollow noopener\" data-trk=\"{&quot;cta&quot;:{&quot;action&quot;:&quot;https:\\\/\\\/moncompte.actu.fr&quot;,&quot;category&quot;:&quot;mon compte&quot;,&quot;from&quot;:&quot;article footer&quot;,&quot;name&quot;:&quot;Mon actu&quot;,&quot;type&quot;:&quot;cta&quot;}}\" target=\"_blank\">Mon Actu<\/a>.<\/p>\n","protected":false},"excerpt":{"rendered":"Par Ugo Maillard Publi\u00e9 le 19 juin 2025 \u00e0 9h16 En raison d\u2019un feu de v\u00e9hicule sur la&hellip;\n","protected":false},"author":2,"featured_media":194363,"comment_status":"","ping_status":"","sticky":false,"template":"","format":"standard","meta":{"footnotes":""},"categories":[2819],"tags":[1111,11,1777,674,118,1011,27,1310,12,2401,1311,882,25],"class_list":{"0":"post-194362","1":"post","2":"type-post","3":"status-publish","4":"format-standard","5":"has-post-thumbnail","7":"category-nice","8":"tag-actu","9":"tag-actualites","10":"tag-eu","11":"tag-europe","12":"tag-faits-divers","13":"tag-fr","14":"tag-france","15":"tag-incendie","16":"tag-news","17":"tag-nice","18":"tag-pompiers","19":"tag-provence-alpes-cote-dazur","20":"tag-republique-francaise"},"share_on_mastodon":{"url":"https:\/\/pubeurope.com\/@fr\/114723501226385749","error":""},"_links":{"self":[{"href":"https:\/\/www.europesays.com\/fr\/wp-json\/wp\/v2\/posts\/194362","targetHints":{"allow":["GET"]}}],"collection":[{"href":"https:\/\/www.europesays.com\/fr\/wp-json\/wp\/v2\/posts"}],"about":[{"href":"https:\/\/www.europesays.com\/fr\/wp-json\/wp\/v2\/types\/post"}],"author":[{"embeddable":true,"href":"https:\/\/www.europesays.com\/fr\/wp-json\/wp\/v2\/users\/2"}],"replies":[{"embeddable":true,"href":"https:\/\/www.europesays.com\/fr\/wp-json\/wp\/v2\/comments?post=194362"}],"version-history":[{"count":0,"href":"https:\/\/www.europesays.com\/fr\/wp-json\/wp\/v2\/posts\/194362\/revisions"}],"wp:featuredmedia":[{"embeddable":true,"href":"https:\/\/www.europesays.com\/fr\/wp-json\/wp\/v2\/media\/194363"}],"wp:attachment":[{"href":"https:\/\/www.europesays.com\/fr\/wp-json\/wp\/v2\/media?parent=194362"}],"wp:term":[{"taxonomy":"category","embeddable":true,"href":"https:\/\/www.europesays.com\/fr\/wp-json\/wp\/v2\/categories?post=194362"},{"taxonomy":"post_tag","embeddable":true,"href":"https:\/\/www.europesays.com\/fr\/wp-json\/wp\/v2\/tags?post=194362"}],"curies":[{"name":"wp","href":"https:\/\/api.w.org\/{rel}","templated":true}]}}