{"id":194380,"date":"2025-06-21T21:43:11","date_gmt":"2025-06-21T21:43:11","guid":{"rendered":"https:\/\/www.europesays.com\/fr\/194380\/"},"modified":"2025-06-21T21:43:11","modified_gmt":"2025-06-21T21:43:11","slug":"entre-chiens-et-loups-de-camille-et-manolo","status":"publish","type":"post","link":"https:\/\/www.europesays.com\/fr\/194380\/","title":{"rendered":"Entre chiens et loups de Camille et Manolo."},"content":{"rendered":"<p><strong>Le Th\u00e9\u00e2tre du Centaure revient avec ses chevaux pour un nouveau tour de man\u00e8ge, toujours sensible et po\u00e9tique. Entre chiens et loups est une ode au vivant et \u00e0 la lisi\u00e8re, entre deux mondes.<\/strong><\/p>\n<p>Entre le jour et la nuit, entre l\u2019humain et l\u2019animal, entre le domestique et le naturel, dans le clair-obscur du chapiteau, les centaures sont l\u00e0. M\u00e9taphores du lien, du dialogue entre la part humaine et la part sauvage, ils montrent par les corps et par le mouvement ce que peut \u00eatre la r\u00e9conciliation du vivant avec lui-m\u00eame. Cette qu\u00eate de symbiose avec l\u2019animal passe par les quatre chevaux en piste, avec lesquels dansent Camille et Manolo. Ce po\u00e8me visuel et corporel est soutenu par la musique d\u00e9licate de la pianiste Agathe Di Piro, accompagn\u00e9e au chant par Walid Ben Selim. Devant tant de gr\u00e2ce et de complicit\u00e9, on se prend \u00e0 se dire que l\u2019humanit\u00e9 n\u2019a rien compris, tant cette \u00e9l\u00e9gante hybridation \u00e0 laquelle nous assistons semble \u00e9vidente. \u00c0 l\u2019aube de l\u2019anthropoc\u00e8ne, n\u2019est-il pas temps de s\u2019unir au vivant plut\u00f4t que de l\u2019exploiter ?<\/p>\n<p>\u00a0<\/p>\n<p>\u00a0<\/p>\n<p><strong>Mathieu Dochtermann<\/strong><\/p>\n","protected":false},"excerpt":{"rendered":"Le Th\u00e9\u00e2tre du Centaure revient avec ses chevaux pour un nouveau tour de man\u00e8ge, toujours sensible et po\u00e9tique.&hellip;\n","protected":false},"author":2,"featured_media":194381,"comment_status":"","ping_status":"","sticky":false,"template":"","format":"standard","meta":{"footnotes":""},"categories":[2814],"tags":[1111,11,16630,1777,674,1011,27,884,12,882,25],"class_list":{"0":"post-194380","1":"post","2":"type-post","3":"status-publish","4":"format-standard","5":"has-post-thumbnail","7":"category-marseille","8":"tag-actu","9":"tag-actualites","10":"tag-camille","11":"tag-eu","12":"tag-europe","13":"tag-fr","14":"tag-france","15":"tag-marseille","16":"tag-news","17":"tag-provence-alpes-cote-dazur","18":"tag-republique-francaise"},"share_on_mastodon":{"url":"https:\/\/pubeurope.com\/@fr\/114723540386969087","error":""},"_links":{"self":[{"href":"https:\/\/www.europesays.com\/fr\/wp-json\/wp\/v2\/posts\/194380","targetHints":{"allow":["GET"]}}],"collection":[{"href":"https:\/\/www.europesays.com\/fr\/wp-json\/wp\/v2\/posts"}],"about":[{"href":"https:\/\/www.europesays.com\/fr\/wp-json\/wp\/v2\/types\/post"}],"author":[{"embeddable":true,"href":"https:\/\/www.europesays.com\/fr\/wp-json\/wp\/v2\/users\/2"}],"replies":[{"embeddable":true,"href":"https:\/\/www.europesays.com\/fr\/wp-json\/wp\/v2\/comments?post=194380"}],"version-history":[{"count":0,"href":"https:\/\/www.europesays.com\/fr\/wp-json\/wp\/v2\/posts\/194380\/revisions"}],"wp:featuredmedia":[{"embeddable":true,"href":"https:\/\/www.europesays.com\/fr\/wp-json\/wp\/v2\/media\/194381"}],"wp:attachment":[{"href":"https:\/\/www.europesays.com\/fr\/wp-json\/wp\/v2\/media?parent=194380"}],"wp:term":[{"taxonomy":"category","embeddable":true,"href":"https:\/\/www.europesays.com\/fr\/wp-json\/wp\/v2\/categories?post=194380"},{"taxonomy":"post_tag","embeddable":true,"href":"https:\/\/www.europesays.com\/fr\/wp-json\/wp\/v2\/tags?post=194380"}],"curies":[{"name":"wp","href":"https:\/\/api.w.org\/{rel}","templated":true}]}}