{"id":194382,"date":"2025-06-21T21:44:15","date_gmt":"2025-06-21T21:44:15","guid":{"rendered":"https:\/\/www.europesays.com\/fr\/194382\/"},"modified":"2025-06-21T21:44:15","modified_gmt":"2025-06-21T21:44:15","slug":"marseille-2600-ans-dhistoire-resumee-de-la-fondation-a-nos-jours","status":"publish","type":"post","link":"https:\/\/www.europesays.com\/fr\/194382\/","title":{"rendered":"Marseille : 2600 ans d&rsquo;histoire r\u00e9sum\u00e9e &#8211; De la fondation \u00e0 nos jours"},"content":{"rendered":"<p>En me promenant sur la Canebi\u00e8re ce matin, je me suis dit que cette ville m\u00e9rite qu\u2019on raconte son histoire. Je vais te faire voyager \u00e0 travers 26 si\u00e8cles d\u2019une histoire fascinante. Marseille, notre cit\u00e9 phoc\u00e9enne ador\u00e9e, rec\u00e8le des tr\u00e9sors historiques que peu de villes fran\u00e7aises peuvent \u00e9galer. Du petit port grec \u00e0 la m\u00e9tropole contemporaine, je t\u2019invite \u00e0 d\u00e9couvrir les grandes \u00e9tapes qui ont fa\u00e7onn\u00e9 l\u2019identit\u00e9 de cette perle m\u00e9diterran\u00e9enne.<\/p>\n<p>Les origines antiques : De Massalia \u00e0 Massilia<\/p>\n<p>Vers 600 avant J.-C., des marins grecs venus de Phoc\u00e9e en Asie Mineure (aujourd\u2019hui en Turquie) <strong>fond\u00e8rent la ville de Massalia<\/strong> sur les rives de la M\u00e9diterran\u00e9e. L\u2019histoire de cette fondation est empreinte de romantisme avec la rencontre mythique entre Protis, navigateur phoc\u00e9en, et Gyptis, princesse gauloise. Cette derni\u00e8re choisit le Grec comme \u00e9poux lors d\u2019un banquet, et son p\u00e8re, le roi Nannos des S\u00e9gobriges, leur offrit <strong>le territoire du futur Massalia en cadeau de mariage<\/strong>.<\/p>\n<p>Les Grecs s\u2019install\u00e8rent autour de la calanque du Lacydon, notre Vieux-Port actuel, o\u00f9 j\u2019aime tant fl\u00e2ner les dimanches matin. Ils apport\u00e8rent avec eux :<\/p>\n<ul>\n<li>Leur religion polyth\u00e9iste<\/li>\n<li>Leur langue et leur alphabet<\/li>\n<li>Des techniques avanc\u00e9es de construction<\/li>\n<li>La culture de la vigne et de l\u2019olivier<\/li>\n<li>Des m\u00e9thodes de navigation sophistiqu\u00e9es<\/li>\n<\/ul>\n<p>Au Ve si\u00e8cle avant notre \u00e8re, <strong>Pyth\u00e9as, c\u00e9l\u00e8bre explorateur marseillais<\/strong>, entreprit des voyages extraordinaires vers l\u2019Atlantique Nord, atteignant peut-\u00eatre m\u00eame l\u2019Islande. Ces exp\u00e9ditions t\u00e9moignent de la puissance maritime de Massalia \u00e0 cette \u00e9poque.<\/p>\n<p>La conqu\u00eate romaine<\/p>\n<p>En 49 avant J.-C., le destin de Marseille bascula quand Jules C\u00e9sar assi\u00e9gea et conquit la cit\u00e9 qui avait pris parti pour son rival Pomp\u00e9e. Cette d\u00e9faite marqua la fin de l\u2019ind\u00e9pendance politique de la ville. D\u2019un autre c\u00f4t\u00e9, <strong>sous l\u2019autorit\u00e9 de l\u2019Empire romain<\/strong>, Massilia (son nom latinis\u00e9) conserva une activit\u00e9 portuaire dynamique et garda longtemps son caract\u00e8re hell\u00e9nique, formant un \u00eelot de culture grecque en territoire romain.<\/p>\n<p>De la cit\u00e9 chr\u00e9tienne \u00e0 la commune m\u00e9di\u00e9vale<\/p>\n<p>D\u00e8s le Ve si\u00e8cle, Marseille se transforma en une v\u00e9ritable \u00ab\u00a0ville de saints\u00a0\u00bb avec l\u2019\u00e9mergence du christianisme. En 314, un \u00e9v\u00e9nement majeur attesta de cette \u00e9volution : l\u2019\u00e9v\u00eaque Or\u00e9sius repr\u00e9senta la ville au concile d\u2019Arles, prouvant l\u2019existence d\u2019une <strong>communaut\u00e9 chr\u00e9tienne d\u00e9j\u00e0 bien \u00e9tablie<\/strong>.<\/p>\n<ul>\n<li>Au Ve si\u00e8cle : L\u2019\u00e9v\u00eaque Proculus fit construire une imposante cath\u00e9drale<\/li>\n<li>En 415 : Jean Cassien installa deux communaut\u00e9s monastiques<\/li>\n<li>En 643 et 689 : La ville fut frapp\u00e9e par de terribles \u00e9pid\u00e9mies de peste<\/li>\n<\/ul>\n<p>Durant le Moyen \u00c2ge, je t\u2019aurais d\u00e9conseill\u00e9 de t\u2019installer \u00e0 Marseille ! La cit\u00e9 subit r\u00e9guli\u00e8rement des pillages par :<\/p>\n<ul>\n<li>Les Francs dans les ann\u00e9es 740<\/li>\n<li>Les Sarrasins venus par la mer<\/li>\n<li>Les navigateurs grecs<\/li>\n<li>Les redoutables Normands<\/li>\n<\/ul>\n<p>Une ville fragment\u00e9e<\/p>\n<p>Au XIIe si\u00e8cle, Marseille pr\u00e9sentait un visage morcel\u00e9 que je trouve int\u00e9ressant. <strong>La ville m\u00e9di\u00e9vale se divisait en quatre entit\u00e9s distinctes<\/strong>, chacune avec son propre pouvoir :<\/p>\n<tr>\nPartie de la ville<br \/>\nAutorit\u00e9<br \/>\nLocalisation<br \/>\n<\/tr>\n<tr>\n<td>Ville de l\u2019\u00e9v\u00eaque<\/td>\n<td>Pouvoir \u00e9piscopal<\/td>\n<td>Partie nord<\/td>\n<\/tr>\n<tr>\n<td>Ville des vicomtes<\/td>\n<td>Seigneurs locaux<\/td>\n<td>Partie sud (avec le port)<\/td>\n<\/tr>\n<tr>\n<td>Ville du pr\u00e9v\u00f4t<\/td>\n<td>Chef des chanoines<\/td>\n<td>Zone centrale<\/td>\n<\/tr>\n<tr>\n<td>Abbaye Saint-Victor<\/td>\n<td>Autorit\u00e9 monastique<\/td>\n<td>Rive sud<\/td>\n<\/tr>\n<p>En 1219, un \u00e9v\u00e9nement d\u00e9cisif bouleversa cette organisation : l\u2019\u00e9lite marseillaise \u00e9lut un conseil appel\u00e9 Universitas, formant ainsi <strong>une commune ind\u00e9pendante qui s\u2019affranchit des pouvoirs seigneuriaux<\/strong>. Cette libert\u00e9 fut toutefois de courte dur\u00e9e puisqu\u2019en 1252, Charles d\u2019Anjou assi\u00e9gea la ville et s\u2019imposa comme seigneur. Puis en 1343, la reine Jeanne de Naples, comtesse de Provence, r\u00e9unifia enfin la ville haute et la ville basse.<\/p>\n<p><img loading=\"lazy\" width=\"1344\" height=\"896\" decoding=\"async\" src=\"data:image\/svg+xml,%3Csvg%20xmlns=\" http:=\"\" alt=\"T\u00e9l\u00e9phone sur pierre avec ville blanche en arri\u00e8re-plan\" data-lazy-src=\"https:\/\/www.europesays.com\/fr\/wp-content\/uploads\/2025\/06\/smartphone_capturant_un_paysage_urbain_8967.jpg\"\/><\/p>\n<p>Marseille fran\u00e7aise : entre soumission et ind\u00e9pendance<\/p>\n<p>L\u2019ann\u00e9e 1481 marqua un tournant d\u00e9cisif pour Marseille. \u00c0 la mort de Charles V d\u2019Anjou, <strong>la Provence fut unie \u00e0 la couronne de France sous Louis XI<\/strong>. Charles VIII confirma ce rattachement en 1487, m\u00eame si notre cit\u00e9 conserva un statut fiscal privil\u00e9gi\u00e9 de \u00ab\u00a0terre adjacente\u00a0\u00bb \u00e0 la Provence.<\/p>\n<ul>\n<li>En 1524 : R\u00e9sistance h\u00e9ro\u00efque face aux troupes de Charles Quint<\/li>\n<li>Durant les guerres de Religion : Marseille reste fid\u00e8le au camp catholique<\/li>\n<li>De 1591 \u00e0 1596 : \u00c9pisode d\u2019ind\u00e9pendance sous Charles de Casaulx<\/li>\n<\/ul>\n<p>Je suis particuli\u00e8rement fier de rappeler qu\u2019en 1599, Marseille cr\u00e9a <strong>la premi\u00e8re chambre de commerce au monde<\/strong>, t\u00e9moignant de son esprit entrepreneurial et de sa vocation marchande. Mais le roi Louis XIV ne l\u2019entendait pas de cette oreille ! Apr\u00e8s une r\u00e9volte en 1660, il soumit la ville et fit construire les forts Saint-Nicolas et Saint-Jean pour contr\u00f4ler cette population m\u00e9diterran\u00e9enne au temp\u00e9rament bouillonnant.<\/p>\n<p>L\u2019essor commercial et la grande peste<\/p>\n<p>L\u2019\u00e9dit de Colbert de 1669 repr\u00e9senta une aubaine pour le n\u00e9goce marseillais. Il accordait \u00e0 la ville <strong>le monopole du commerce avec le Levant et le statut convoit\u00e9 de port franc<\/strong>. Cette p\u00e9riode faste fut brutalement interrompue en 1720 par la Grande Peste qui d\u00e9cima la moiti\u00e9 de la population, soit environ 40 000 \u00e2mes. Je fr\u00e9mis encore en pensant \u00e0 ce d\u00e9sastre qui a marqu\u00e9 \u00e0 jamais notre m\u00e9moire collective.<\/p>\n<p>De la r\u00e9volution industrielle \u00e0 la m\u00e9tropole contemporaine<\/p>\n<p>En juin 1792, Marseille entra dans l\u2019histoire nationale en levant un bataillon de volontaires pour d\u00e9fendre Paris contre les Autrichiens. Ces hommes chantaient le \u00ab\u00a0Chant de guerre de l\u2019Arm\u00e9e du Rhin\u00a0\u00bb qui deviendra plus tard <strong>notre hymne national : La Marseillaise<\/strong>. Ironie du sort, en 1794, la ville fut rebaptis\u00e9e \u00ab\u00a0Ville sans nom\u00a0\u00bb pendant un mois en raison de son implication dans le mouvement f\u00e9d\u00e9raliste oppos\u00e9 au pouvoir central.<\/p>\n<ul>\n<li>Entre 1830 et 1880 : Essor \u00e9conomique spectaculaire<\/li>\n<li>1830 : La prise d\u2019Alger relance l\u2019attractivit\u00e9 du port de Marseille<\/li>\n<li>Sous le Second Empire : D\u00e9veloppement des chemins de fer et cr\u00e9ation de nouveaux bassins portuaires<\/li>\n<\/ul>\n<p>La population marseillaise explosa litt\u00e9ralement, passant de 130 000 habitants en 1830 \u00e0 550 000 en 1905. En me baladant aujourd\u2019hui entre les quartiers nord et sud, je constate encore cette division urbaine qui s\u2019est dessin\u00e9e \u00e0 cette \u00e9poque : <strong>une ville populaire au nord et une ville bourgeoise au sud<\/strong>.<\/p>\n<p>Le XXe si\u00e8cle et ses bouleversements<\/p>\n<p>Le si\u00e8cle dernier a profond\u00e9ment transform\u00e9 le visage de Marseille :<\/p>\n<ul>\n<li>En 1906 et 1922 : Organisation des premi\u00e8res Expositions coloniales de France<\/li>\n<li>Ann\u00e9es 1920 : Accueil de milliers d\u2019Arm\u00e9niens et de Grecs fuyant les massacres turcs<\/li>\n<li>Janvier-f\u00e9vrier 1943 : Destruction des quartiers nord du Vieux-Port par les Allemands<\/li>\n<li>Ao\u00fbt 1944 : Lib\u00e9ration pr\u00e9c\u00e9d\u00e9e d\u2019une insurrection populaire<\/li>\n<\/ul>\n<p>Au lendemain de la Seconde Guerre mondiale, <strong>la reconstruction de la ville fut lente et difficile<\/strong>. En 1962, Marseille ouvrit ses bras aux rapatri\u00e9s d\u2019Alg\u00e9rie, ajoutant une nouvelle strate \u00e0 son identit\u00e9 m\u00e9diterran\u00e9enne multiculturelle.<\/p>\n<p>De 1953 \u00e0 1986, Gaston Defferre r\u00e9gna sur la ville \u00e9tant maire, initiant de grands projets urbains comme la Cit\u00e9 radieuse de Le Corbusier, l\u2019h\u00f4pital Nord et le m\u00e9tro entre 1975 et 1985. Je passe encore chaque jour devant ces r\u00e9alisations qui ont modernis\u00e9 notre territoire.<\/p>\n<p>L\u2019ann\u00e9e 2013 a marqu\u00e9 un tournant dans l\u2019histoire r\u00e9cente avec Marseille d\u00e9sign\u00e9e <strong>Capitale europ\u00e9enne de la culture<\/strong>, \u00e9v\u00e9nement qui a m\u00e9tamorphos\u00e9 son image. Apr\u00e8s 25 ans de mandat de Jean-Claude Gaudin, la ville a bascul\u00e9 \u00e0 gauche en 2020 avec l\u2019\u00e9lection de Beno\u00eet Payan. Et depuis 2021, le plan \u00ab\u00a0Marseille en grand\u00a0\u00bb lanc\u00e9 par Emmanuel Macron insuffle un nouveau dynamisme \u00e0 notre cit\u00e9 phoc\u00e9enne qui s\u2019appr\u00eate \u00e0 accueillir les touristes du monde entier pour les JO de Paris 2024.<\/p>\n<p><img loading=\"lazy\" decoding=\"async\" width=\"150\" height=\"150\" src=\"data:image\/svg+xml,%3Csvg%20xmlns=\" http:=\"\" class=\"attachment-150x150 size-150x150\" alt=\"\" itemprop=\"image\" data-lazy- data-lazy- data-lazy-src=\"https:\/\/www.europesays.com\/fr\/wp-content\/uploads\/2025\/04\/img2-150x150.png\"\/><\/p>\n<p>Je suis Adrien, r\u00e9dacteur virtuel depuis quelques ann\u00e9es. J&rsquo;aime pouvoir partager avec vous les tendances Lifestyle sur le blog News Of Marseille. J&rsquo;esp\u00e8re que vous prendrez plaisir \u00e0 lire mes articles !<\/p>\n<p>Partagez l&rsquo;article ou suivez nous !<\/p>\n<p>\n\tNos images sont \u00e0 but illustratif et peuvent ne pas repr\u00e9senter la r\u00e9alit\u00e9<\/p>\n","protected":false},"excerpt":{"rendered":"En me promenant sur la Canebi\u00e8re ce matin, je me suis dit que cette ville m\u00e9rite qu\u2019on raconte&hellip;\n","protected":false},"author":2,"featured_media":194383,"comment_status":"","ping_status":"","sticky":false,"template":"","format":"standard","meta":{"footnotes":""},"categories":[2814],"tags":[1111,11,1777,674,1011,27,33325,884,12,2661,11687,882,25],"class_list":{"0":"post-194382","1":"post","2":"type-post","3":"status-publish","4":"format-standard","5":"has-post-thumbnail","7":"category-marseille","8":"tag-actu","9":"tag-actualites","10":"tag-eu","11":"tag-europe","12":"tag-fr","13":"tag-france","14":"tag-histoire-de-marseille","15":"tag-marseille","16":"tag-news","17":"tag-patrimoine-culturel","18":"tag-patrimoine-historique","19":"tag-provence-alpes-cote-dazur","20":"tag-republique-francaise"},"share_on_mastodon":{"url":"https:\/\/pubeurope.com\/@fr\/114723544529546012","error":""},"_links":{"self":[{"href":"https:\/\/www.europesays.com\/fr\/wp-json\/wp\/v2\/posts\/194382","targetHints":{"allow":["GET"]}}],"collection":[{"href":"https:\/\/www.europesays.com\/fr\/wp-json\/wp\/v2\/posts"}],"about":[{"href":"https:\/\/www.europesays.com\/fr\/wp-json\/wp\/v2\/types\/post"}],"author":[{"embeddable":true,"href":"https:\/\/www.europesays.com\/fr\/wp-json\/wp\/v2\/users\/2"}],"replies":[{"embeddable":true,"href":"https:\/\/www.europesays.com\/fr\/wp-json\/wp\/v2\/comments?post=194382"}],"version-history":[{"count":0,"href":"https:\/\/www.europesays.com\/fr\/wp-json\/wp\/v2\/posts\/194382\/revisions"}],"wp:featuredmedia":[{"embeddable":true,"href":"https:\/\/www.europesays.com\/fr\/wp-json\/wp\/v2\/media\/194383"}],"wp:attachment":[{"href":"https:\/\/www.europesays.com\/fr\/wp-json\/wp\/v2\/media?parent=194382"}],"wp:term":[{"taxonomy":"category","embeddable":true,"href":"https:\/\/www.europesays.com\/fr\/wp-json\/wp\/v2\/categories?post=194382"},{"taxonomy":"post_tag","embeddable":true,"href":"https:\/\/www.europesays.com\/fr\/wp-json\/wp\/v2\/tags?post=194382"}],"curies":[{"name":"wp","href":"https:\/\/api.w.org\/{rel}","templated":true}]}}