{"id":194396,"date":"2025-06-21T21:52:09","date_gmt":"2025-06-21T21:52:09","guid":{"rendered":"https:\/\/www.europesays.com\/fr\/194396\/"},"modified":"2025-06-21T21:52:09","modified_gmt":"2025-06-21T21:52:09","slug":"tas-vu-comme-cest-beau-pres-dun-an-apres-les-jo-la-vasque-seleve-a-nouveau-dans-le-ciel-de-paris","status":"publish","type":"post","link":"https:\/\/www.europesays.com\/fr\/194396\/","title":{"rendered":"\u00ab\u00a0T\u2019as vu comme c\u2019est beau\u00a0\u00bb\u00a0: pr\u00e8s d\u2019un an apr\u00e8s les JO, la vasque s\u2019\u00e9l\u00e8ve \u00e0 nouveau dans le ciel de Paris"},"content":{"rendered":"<p class=\"paragraph text_align_left lp-f-body-02\">Trente-cinq mille paires d\u2019yeux et presque autant de t\u00e9l\u00e9phones. Tous sont riv\u00e9s sur la m\u00eame flamme vacillante, derri\u00e8re la large sc\u00e8ne o\u00f9 se succ\u00e8dent les artistes r\u00e9unis pour la f\u00eate de la Musique. L\u2019impatience est palpable dans les regards, les attitudes.<\/p>\n<p class=\"paragraph text_align_left lp-f-body-02\">Son d\u00e9collage avait \u00e9t\u00e9 annonc\u00e9 \u00e0 22h11 pr\u00e9cises, ce samedi soir. <a href=\"https:\/\/www.leparisien.fr\/paris-75\/la-vasque-des-jeux-olympiques-de-retour-aux-tuileries-ce-quil-faut-savoir-pour-ladmirer-cet-ete-26-05-2025-YTF2MGUMDBBYVMWEWGLV72B5ZM.php\" target=\"_self\" rel=\"nofollow noopener\">La vasque de Paris 2024<\/a> est au rendez-vous. Soulev\u00e9e par un gigantesque ballon de 30\u00a0m de haut et de 22\u00a0m de diam\u00e8tre, elle amorce lentement sa mont\u00e9e, au-dessus du jardin des Tuileries. Une grande premi\u00e8re depuis la fin des Jeux olympiques et paralympiques en septembre dernier.<\/p>\n<p class=\"paragraph text_align_left lp-f-body-02\">\u00ab\u00a0T\u2019as vu comme c\u2019est beau\u00a0\u00bb, souffle Elsa \u00e0 l\u2019un de ses amis. Une larme roule sous ses yeux clairs. L\u2019\u00e9tudiante en art de 20\u00a0ans est venue de Nice tout sp\u00e9cialement pour voir la vasque. \u00ab\u00a0Comme un rendez-vous\u00a0\u00bb qu\u2019elle ne pouvait pas manquer avec cet embl\u00e8me qu\u2019elle n\u2019a vu que de jour l\u2019\u00e9t\u00e9 dernier. \u00ab\u00a0C\u2019\u00e9tait hyper po\u00e9tique, s\u2019enthousiasme la jeune femme, originaire de Seine-et-Marne. Vous avez vu l\u2019oiseau qui a travers\u00e9 la sc\u00e8ne juste au moment o\u00f9 elle est mont\u00e9e\u00a0?\u00a0\u00bb<\/p>\n<p>La vraie star de la soir\u00e9e, c\u2019est elle<\/p>\n<p class=\"paragraph text_align_left lp-f-body-02\">Apr\u00e8s avoir jou\u00e9 \u00e0 cache-cache avec le ballon, le soleil bouillant de ce samedi caniculaire a fini par se faire rattraper par le cr\u00e9puscule. Pas de quoi faire flancher le mercure du thermom\u00e8tre. Depuis plus d\u2019une heure d\u00e9j\u00e0, un concert XXL gratuit retransmis en live sur France\u00a02 fait vibrer la sc\u00e8ne install\u00e9e \u00e0 deux pas de la pyramide du Louvre pour la f\u00eate de la musique. Bernard Lavilliers, Jeanne Added, Camille, Kalash\u2026 se partagent l\u2019affiche pour revisiter chacun \u00e0 leur tour des classiques de la chanson fran\u00e7aise et internationale.<\/p>\n<p class=\"title-embed-dailymotion lp-color-text lp-f-subtitle-04\">Vid\u00e9oEmmanuel Macron visite le chantier de la vasque olympique avant son retour estival<\/p>\n<p class=\"paragraph text_align_left lp-f-body-02\">Mais qu\u2019importent les grands noms. Ce samedi, la vraie star de la soir\u00e9e, c\u2019est elle. La vasque rallume la flamme au sens propre\u2026 Comme au sens figur\u00e9.<\/p>\n<p class=\"paragraph text_align_left lp-f-body-02\">Pour accompagner cette renaissance \u00e0 60\u00a0m de hauteur, les notes remix\u00e9es de Sauver l\u2019amour de Daniel Balavoine r\u00e9sonnent avec la voix originelle du chanteur. Le compositeur Victor le Masne, directeur musical des c\u00e9r\u00e9monies des Jeux de Paris et auteur de l\u2019inoubliable hymne \u00ab\u00a0Parade\u00a0\u00bb, a fait rena\u00eetre ce tube dans une version orchestr\u00e9e.<\/p>\n<p>\u00ab\u00a0JOstalgie\u00a0\u00bb<\/p>\n<p class=\"paragraph text_align_left lp-f-body-02\">Laura a les yeux qui brillent au moins autant que les paillettes qu\u2019elle a diss\u00e9min\u00e9es sur son visage. Un seul mot vient \u00e0 l\u2019esprit de cette Parisienne de 59\u00a0ans\u00a0: \u00ab\u00a0f\u00e9erique\u00a0\u00bb. Elle serre dans ses bras son compagnon. Pour le couple, c\u2019\u00e9tait \u00ab\u00a0la session de rattrapage\u00a0\u00bb. L\u2019\u00e9t\u00e9 dernier, Laura et Andr\u00e9 avaient tent\u00e9 de venir voir la vasque mais un orage de derni\u00e8re minute avait emp\u00each\u00e9 son envol. \u00ab\u00a0C\u2019\u00e9tait l\u2019avant-dernier soir, rembobine Laura. Je pensais ensuite qu\u2019elle partait pour de bon. J\u2019ai \u00e9t\u00e9 tellement contente quand j\u2019ai su qu\u2019elle revenait.\u00a0\u00bb<\/p>\n<p class=\"paragraph text_align_left lp-f-body-02\">La vasque a atteint son point culminant. Elle se laisse bercer dans les airs. Parade, le grand tube des JO, emplit maintenant le jardin. Une once de JOstalgie s\u2019empare du public. Mais 2024 est bel est bien pass\u00e9. La voix de C\u00e9line Dion qui chante l\u2019Hymne \u00e0 l\u2019amour depuis la tour Eiffel, la pluie battante et l\u2019effet de surprise ont \u00e9t\u00e9 remis\u00e9s dans l\u2019album souvenirs. Seul reste cet objet volant enflamm\u00e9.<\/p>\n<p class=\"paragraph text_align_left lp-f-body-02\">Le 26\u00a0juillet 2024, l\u2019envol soudain de cette toute premi\u00e8re vasque olympique a\u00e9rienne prenait de court des milliers de spectateurs et de t\u00e9l\u00e9spectateurs en France et dans le monde. Le secret avait \u00e9t\u00e9 bien gard\u00e9. Mais quelques jours plus tard, ce sont les organisateurs qui se faisaient \u00e0 leur tour surprendre par le succ\u00e8s de cet objet volant.<\/p>\n<p class=\"paragraph text_align_left lp-f-body-02\">Des dizaines de milliers de visiteurs se sont tr\u00e8s vite donn\u00e9 rendez-vous chaque soir pour voir ce dr\u00f4le d\u2019astre briller dans la nuit. C\u2019est le designer fran\u00e7ais Mathieu Lehanneur qui l\u2019a imagin\u00e9 sur sa planche \u00e0 dessin. Le groupe Aerophile a fourni le ballon gonfl\u00e9 \u00e0 l\u2019h\u00e9lium. Et les ing\u00e9nieurs d\u2019EDF ont, eux, mis au point une flamme \u00e9lectrique in\u00e9dite, faite de brumisation de particules d\u2019eau sur des faisceaux de lumi\u00e8re.<\/p>\n<p>\u00ab\u00a0Presque un monument parisien\u00a0\u00bb<\/p>\n<p class=\"paragraph text_align_left lp-f-body-02\">Encore fallait-il lui trouver un \u00e9crin \u00e0 sa mesure. Entre le Louvre et la l\u2019ob\u00e9lisque de la Concorde, le grand bassin des Tuileries sera finalement son camp de base. La journ\u00e9e, plus de 200 000 cr\u00e9neaux ont \u00e9t\u00e9 r\u00e9serv\u00e9s pour l\u2019admirer de pr\u00e8s. Comme pour les anneaux olympiques, la question a surgi d\u00e8s les premiers jours qui ont suivi la c\u00e9r\u00e9monie d\u2019ouverture\u00a0: fallait-il conserver ce symbole normalement \u00e9ph\u00e9m\u00e8re au c\u0153ur de la capitale\u00a0? Si oui, o\u00f9, sur quelle dur\u00e9e et dans quelles conditions\u00a0?<\/p>\n<p class=\"paragraph text_align_left lp-f-body-02\">Au-del\u00e0 des pour et des contre, des contraintes techniques devaient notamment \u00eatre r\u00e9solues pour rendre la vasque et son ballon suffisamment r\u00e9sistants. Plusieurs autres lieux ont aussi \u00e9t\u00e9 \u00e9voqu\u00e9s pour l\u2019accueillir. Thomas, 44\u00a0ans, aurait trouv\u00e9 dommage de ne jamais la revoir. Ce Nantais ne l\u2019avait vue qu\u2019\u00e0 la t\u00e9l\u00e9 jusqu\u2019\u00e0 ce soir. \u00ab\u00a0Je l\u2019avais trouv\u00e9e magnifique. Tout le monde y semble tr\u00e8s attach\u00e9. C\u2019est presque devenu un monument parisien.\u00a0\u00bb<\/p>\n<p class=\"paragraph text_align_left lp-f-body-02\">Le d\u00e9bat a finalement \u00e9t\u00e9 tranch\u00e9 fin janvier par un tweet d\u2019Emmanuel Macron\u00a0: \u00ab\u00a0Elle reviendra chaque \u00e9t\u00e9. De la f\u00eate de la musique \u00e0 la f\u00eate du sport, jusqu\u2019aux Jeux de Los Angeles.\u00a0\u00bb Autrement dit, la vasque sera au rendez-vous cet \u00e9t\u00e9 jusqu\u2019au 14\u00a0septembre mais aussi les deux prochains. De quoi tourner en douceur la page des JO. Elsa, elle, en est d\u00e9j\u00e0 convaincu. Elle reviendra la voir cet \u00e9t\u00e9. \u00ab\u00a0C\u2019est un peu comme un feu d\u2019artifice, c\u2019est ce qu\u2019on attend toute la soir\u00e9e.\u00a0\u00bb<\/p>\n","protected":false},"excerpt":{"rendered":"Trente-cinq mille paires d\u2019yeux et presque autant de t\u00e9l\u00e9phones. Tous sont riv\u00e9s sur la m\u00eame flamme vacillante, derri\u00e8re&hellip;\n","protected":false},"author":2,"featured_media":194397,"comment_status":"","ping_status":"","sticky":false,"template":"","format":"standard","meta":{"footnotes":""},"categories":[1888],"tags":[11,1777,674,1011,27,1944,12,626,25,60],"class_list":{"0":"post-194396","1":"post","2":"type-post","3":"status-publish","4":"format-standard","5":"has-post-thumbnail","7":"category-paris","8":"tag-actualites","9":"tag-eu","10":"tag-europe","11":"tag-fr","12":"tag-france","13":"tag-ma-ville","14":"tag-news","15":"tag-paris","16":"tag-republique-francaise","17":"tag-sports"},"share_on_mastodon":{"url":"https:\/\/pubeurope.com\/@fr\/114723575748898676","error":""},"_links":{"self":[{"href":"https:\/\/www.europesays.com\/fr\/wp-json\/wp\/v2\/posts\/194396","targetHints":{"allow":["GET"]}}],"collection":[{"href":"https:\/\/www.europesays.com\/fr\/wp-json\/wp\/v2\/posts"}],"about":[{"href":"https:\/\/www.europesays.com\/fr\/wp-json\/wp\/v2\/types\/post"}],"author":[{"embeddable":true,"href":"https:\/\/www.europesays.com\/fr\/wp-json\/wp\/v2\/users\/2"}],"replies":[{"embeddable":true,"href":"https:\/\/www.europesays.com\/fr\/wp-json\/wp\/v2\/comments?post=194396"}],"version-history":[{"count":0,"href":"https:\/\/www.europesays.com\/fr\/wp-json\/wp\/v2\/posts\/194396\/revisions"}],"wp:featuredmedia":[{"embeddable":true,"href":"https:\/\/www.europesays.com\/fr\/wp-json\/wp\/v2\/media\/194397"}],"wp:attachment":[{"href":"https:\/\/www.europesays.com\/fr\/wp-json\/wp\/v2\/media?parent=194396"}],"wp:term":[{"taxonomy":"category","embeddable":true,"href":"https:\/\/www.europesays.com\/fr\/wp-json\/wp\/v2\/categories?post=194396"},{"taxonomy":"post_tag","embeddable":true,"href":"https:\/\/www.europesays.com\/fr\/wp-json\/wp\/v2\/tags?post=194396"}],"curies":[{"name":"wp","href":"https:\/\/api.w.org\/{rel}","templated":true}]}}