{"id":194400,"date":"2025-06-21T21:54:09","date_gmt":"2025-06-21T21:54:09","guid":{"rendered":"https:\/\/www.europesays.com\/fr\/194400\/"},"modified":"2025-06-21T21:54:09","modified_gmt":"2025-06-21T21:54:09","slug":"lukraine-developpe-ses-drones-alors-que-la-russie-intensifie-ses-attaques-2","status":"publish","type":"post","link":"https:\/\/www.europesays.com\/fr\/194400\/","title":{"rendered":"L&rsquo;Ukraine d\u00e9veloppe ses drones alors que la Russie intensifie ses attaques"},"content":{"rendered":"<p>Les Observateurs<\/p>\n<p><a class=\"Td(n) C($inherit) LineClamp(2,45px) D(f) rapidnofollow\" data-uuid=\"2e36a52e-dbdd-33f9-ad9e-3da215a9b5d7\" href=\"https:\/\/fr.news.yahoo.com\/images-disent-l-infiltration-isra%C3%A9lienne-150528354.html\" data-ylk=\"elm:hdln;itc:0;pos:1;sec:strm;subsec:moreforyou;cpos:10;ct:story;g:2e36a52e-dbdd-33f9-ad9e-3da215a9b5d7\" data-hosted-type=\"HOSTED\" rel=\"nofollow noopener\" target=\"_blank\">Ce que les images disent de l\u2019infiltration isra\u00e9lienne en territoire iranien<\/a><\/p>\n<p class=\"M(0) C($summaryColor) Fz(14px) Lh(1.43em) LineClamp(3,60px)\">Les images diffus\u00e9es par les autorit\u00e9s isra\u00e9liennes, mais \u00e9galement cette semaine par les m\u00e9dias d\u2019\u00c9tat iraniens, permettent de mieux comprendre comment Isra\u00ebl a organis\u00e9, avec des agents depuis le sol iranien, une partie de son attaque initiale, le 13 juin, en particulier gr\u00e2ce \u00e0 une utilisation massive de drones. C\u2019est un des \u00e9l\u00e9ments les plus marquants de l\u2019attaque isra\u00e9lienne sur l\u2019Iran : des drones ont \u00e9t\u00e9 fabriqu\u00e9s sur le sol iranien, dans des installations secr\u00e8tes, d\u2019o\u00f9 ils ont \u00e9t\u00e9 trans<\/p>\n","protected":false},"excerpt":{"rendered":"Les Observateurs Ce que les images disent de l\u2019infiltration isra\u00e9lienne en territoire iranien Les images diffus\u00e9es par les&hellip;\n","protected":false},"author":2,"featured_media":194161,"comment_status":"","ping_status":"","sticky":false,"template":"","format":"standard","meta":{"footnotes":""},"categories":[1590],"tags":[11,1777,674,12,220,134],"class_list":{"0":"post-194400","1":"post","2":"type-post","3":"status-publish","4":"format-standard","5":"has-post-thumbnail","7":"category-ukraine","8":"tag-actualites","9":"tag-eu","10":"tag-europe","11":"tag-news","12":"tag-ukraine","13":"tag-volodymyr-zelensky"},"share_on_mastodon":{"url":"https:\/\/pubeurope.com\/@fr\/114723583653076913","error":""},"_links":{"self":[{"href":"https:\/\/www.europesays.com\/fr\/wp-json\/wp\/v2\/posts\/194400","targetHints":{"allow":["GET"]}}],"collection":[{"href":"https:\/\/www.europesays.com\/fr\/wp-json\/wp\/v2\/posts"}],"about":[{"href":"https:\/\/www.europesays.com\/fr\/wp-json\/wp\/v2\/types\/post"}],"author":[{"embeddable":true,"href":"https:\/\/www.europesays.com\/fr\/wp-json\/wp\/v2\/users\/2"}],"replies":[{"embeddable":true,"href":"https:\/\/www.europesays.com\/fr\/wp-json\/wp\/v2\/comments?post=194400"}],"version-history":[{"count":0,"href":"https:\/\/www.europesays.com\/fr\/wp-json\/wp\/v2\/posts\/194400\/revisions"}],"wp:featuredmedia":[{"embeddable":true,"href":"https:\/\/www.europesays.com\/fr\/wp-json\/wp\/v2\/media\/194161"}],"wp:attachment":[{"href":"https:\/\/www.europesays.com\/fr\/wp-json\/wp\/v2\/media?parent=194400"}],"wp:term":[{"taxonomy":"category","embeddable":true,"href":"https:\/\/www.europesays.com\/fr\/wp-json\/wp\/v2\/categories?post=194400"},{"taxonomy":"post_tag","embeddable":true,"href":"https:\/\/www.europesays.com\/fr\/wp-json\/wp\/v2\/tags?post=194400"}],"curies":[{"name":"wp","href":"https:\/\/api.w.org\/{rel}","templated":true}]}}