{"id":194412,"date":"2025-06-21T22:01:14","date_gmt":"2025-06-21T22:01:14","guid":{"rendered":"https:\/\/www.europesays.com\/fr\/194412\/"},"modified":"2025-06-21T22:01:14","modified_gmt":"2025-06-21T22:01:14","slug":"a-37-degres-cest-normal-de-se-baigner-les-franciliens-prets-a-tout-pour-braver-les-interdictions-de-baignade","status":"publish","type":"post","link":"https:\/\/www.europesays.com\/fr\/194412\/","title":{"rendered":"\u00ab\u00a0\u00c0 37 degr\u00e9s, c\u2019est normal de se baigner\u00a0\u00bb\u00a0: les Franciliens pr\u00eats \u00e0 tout pour braver les interdictions de baignade"},"content":{"rendered":"<p class=\"paragraph text_align_left lp-f-body-02\">Compl\u00e8tement tremp\u00e9, encore tout habill\u00e9, le jeune homme hagard \u00e9coute le sapeur-pompier de Paris qui lui fait face. \u00ab Vous croyez que \u00e7a nous fait marrer <a href=\"https:\/\/www.leparisien.fr\/paris-75\/a-paris-la-crainte-des-baignades-sauvages-dans-la-seine-avec-louverture-des-sites-autorises-14-06-2025-BX42TVHRCJEA3JCGWYGHJRHD5A.php\" target=\"_self\" rel=\"nofollow noopener\">d\u2019aller chercher des corps au fond de la Seine<\/a> ? Vous avez vu ce qu\u2019il s\u2019est pass\u00e9, vous avez parcouru 50 m et vous \u00eates \u00e0 bout, vous auriez pu mourir\u2026 \u00bb<\/p>\n<p class=\"paragraph text_align_left lp-f-body-02\">Le jeune homme manifestement fatigu\u00e9 opine du chef. Quelques minutes plus t\u00f4t, ce samedi 21 juin, il s\u2019est offert une petite baignade <a href=\"https:\/\/www.leparisien.fr\/paris-75\/apres-100-ans-dinterdiction-on-va-plonger-dans-la-seine-cet-ete-tout-savoir-sur-les-sites-de-baignade-a-paris-26-05-2025-6OYY6AOMNRHOHBCBJYOAXR4X74.php\" target=\"_self\" rel=\"nofollow noopener\">dans la Seine<\/a>, <a href=\"https:\/\/www.leparisien.fr\/paris-75\/\" target=\"_self\" rel=\"nofollow noopener\">\u00e0 Paris<\/a>, \u00e0 deux pas de la Conciergerie (Ier), sous les yeux ahuris des Parisiens et des touristes. <\/p>\n","protected":false},"excerpt":{"rendered":"Compl\u00e8tement tremp\u00e9, encore tout habill\u00e9, le jeune homme hagard \u00e9coute le sapeur-pompier de Paris qui lui fait face.&hellip;\n","protected":false},"author":2,"featured_media":194413,"comment_status":"","ping_status":"","sticky":false,"template":"","format":"standard","meta":{"footnotes":""},"categories":[2],"tags":[11,1011,27,1944,12,626,25,104],"class_list":{"0":"post-194412","1":"post","2":"type-post","3":"status-publish","4":"format-standard","5":"has-post-thumbnail","7":"category-actualites","8":"tag-actualites","9":"tag-fr","10":"tag-france","11":"tag-ma-ville","12":"tag-news","13":"tag-paris","14":"tag-republique-francaise","15":"tag-societe"},"share_on_mastodon":{"url":"https:\/\/pubeurope.com\/@fr\/114723611481831180","error":""},"_links":{"self":[{"href":"https:\/\/www.europesays.com\/fr\/wp-json\/wp\/v2\/posts\/194412","targetHints":{"allow":["GET"]}}],"collection":[{"href":"https:\/\/www.europesays.com\/fr\/wp-json\/wp\/v2\/posts"}],"about":[{"href":"https:\/\/www.europesays.com\/fr\/wp-json\/wp\/v2\/types\/post"}],"author":[{"embeddable":true,"href":"https:\/\/www.europesays.com\/fr\/wp-json\/wp\/v2\/users\/2"}],"replies":[{"embeddable":true,"href":"https:\/\/www.europesays.com\/fr\/wp-json\/wp\/v2\/comments?post=194412"}],"version-history":[{"count":0,"href":"https:\/\/www.europesays.com\/fr\/wp-json\/wp\/v2\/posts\/194412\/revisions"}],"wp:featuredmedia":[{"embeddable":true,"href":"https:\/\/www.europesays.com\/fr\/wp-json\/wp\/v2\/media\/194413"}],"wp:attachment":[{"href":"https:\/\/www.europesays.com\/fr\/wp-json\/wp\/v2\/media?parent=194412"}],"wp:term":[{"taxonomy":"category","embeddable":true,"href":"https:\/\/www.europesays.com\/fr\/wp-json\/wp\/v2\/categories?post=194412"},{"taxonomy":"post_tag","embeddable":true,"href":"https:\/\/www.europesays.com\/fr\/wp-json\/wp\/v2\/tags?post=194412"}],"curies":[{"name":"wp","href":"https:\/\/api.w.org\/{rel}","templated":true}]}}