{"id":194418,"date":"2025-06-21T22:04:09","date_gmt":"2025-06-21T22:04:09","guid":{"rendered":"https:\/\/www.europesays.com\/fr\/194418\/"},"modified":"2025-06-21T22:04:09","modified_gmt":"2025-06-21T22:04:09","slug":"les-decisions-importantes-sont-prises-collectivement-assure-bernard-fages-president-du-beziers-volley","status":"publish","type":"post","link":"https:\/\/www.europesays.com\/fr\/194418\/","title":{"rendered":"\u00ab\u00a0Les d\u00e9cisions importantes sont prises collectivement\u00a0\u00bb assure Bernard Fages, pr\u00e9sident du B\u00e9ziers Volley"},"content":{"rendered":"<p>\n                                                                Bernard Fages, le pr\u00e9sident des B\u00e9ziers Angels, revient sur les accusations (insultes, harc\u00e8lement\u2026) port\u00e9es par certains membres du club, contre lui et son tr\u00e9sorier, Patrick Tourrou.\n                            <\/p>\n<p class=\"txt-question\">Pour quelles raisons avez-vous \u00e9t\u00e9 convoqu\u00e9 au Service d\u00e9partemental \u00e0 la jeunesse, \u00e0 l\u2019engagement et aux sports\u00a0?<\/p>\n<p>J\u2019ai \u00e9t\u00e9 le seul \u00e0\u00a0\u00eatre auditionn\u00e9 dans le cadre d\u2019une enqu\u00eate administrative et en pr\u00e9sence de l\u2019avocat du club. Comme il a pu \u00eatre dit, Patrick Tourrou, en qui j\u2019ai enti\u00e8rement confiance, n\u2019\u00e9tait pas l\u00e0. Il ne s\u2019agissait pas d\u2019une instruction judiciaire et le dossier est encore en cours. Nous\u00a0avons jusqu\u2019au 30\u00a0juin.<\/p>\n<p class=\"txt-question\">Il vous est, entre autres, reproch\u00e9\u00a0de prendre seul les d\u00e9cisions concernant le B\u00e9ziers Volley dont vous \u00eates pr\u00e9sident. Qu\u2019en est-il\u00a0?<\/p>\n<p>Je n\u2019ai jamais pris de d\u00e9cision seul. Le club\u00a0fonctionne de mani\u00e8re r\u00e9guli\u00e8re. Le bureau se r\u00e9unit\u00a0chaque semaine\u00a0et le comit\u00e9 directeur (Patrick Tourrou, Cyril Marinangeli, Nanie Lavagne, Robert Douat, Luc Lazarre, Jean-Luc Marchal, Marie-France Richet, Magalie Isidro) toutes les deux semaines. Les d\u00e9cisions importantes sont prises collectivement et font l\u2019objet de proc\u00e8s-verbaux.<\/p>\n<p class=\"txt-question\">Vos d\u00e9tracteurs parlent d\u2019un manque de dialogue\u2026<\/p>\n<p>Le comit\u00e9 directeur a toujours\u00a0\u00e9t\u00e9 \u00e0 l\u2019\u00e9coute des salari\u00e9s du club et des joueuses. Malgr\u00e9 les tensions qu\u2019il y a pu y avoir, nous avons maintenu le dialogue avec l\u2019\u00e9quipe, les salari\u00e9s et les supporters. Nous avons m\u00eame pris la d\u00e9cision difficile de nous s\u00e9parer de Fr\u00e9d\u00e9ric Havas afin de r\u00e9tablir une dynamique positive dans le groupe.<\/p>\n<p class=\"txt-question\">Vous \u00eates point\u00e9 du doigt pour ne pas avoir refus\u00e9 de confier la pr\u00e9sidence du club \u00e0 des repreneurs suisses. Pourquoi avoir dit non\u00a0?<\/p>\n<p>Cette d\u00e9cision a \u00e9t\u00e9 prise \u00e0 l\u2019unanimit\u00e9 du comit\u00e9 directeur et avec une grande partie du club des supporters, au regard du fait que la soci\u00e9t\u00e9 Sideline AG (les repreneurs suisses, NDLR), ne proposait aucun apport financier et que son projet ne pr\u00e9sentait aucune garantie durable pour l\u2019avenir du club. Je n\u2019ai pas ferm\u00e9 la porte. Mais en l\u2019\u00e9tat, c\u2019est non.\u00a0Il y a trois ans, nous avions aussi envisag\u00e9 un projet de structuration en soci\u00e9t\u00e9 anonyme sportive professionnelle (SASP) avec une entreprise locale\u00a0mais\u00a0il a \u00e9t\u00e9 abandonn\u00e9 pour des raisons ind\u00e9pendantes de notre volont\u00e9. La transformation d\u2019une association sportive en SASP n\u2019est obligatoire que si les recettes de l\u2019\u00e9quipe pro d\u00e9passent 1,2 M\u20ac. Nous en sommes \u00e0 la moiti\u00e9. En poursuivant\u00a0son activit\u00e9 sous forme associative, le club pro est conforme \u00e0 la r\u00e9glementation. Il s\u2019agit un choix l\u00e9gitime, juridiquement et strat\u00e9giquement.<\/p>\n<p class=\"txt-question\">O\u00f9 en est le club sportivement\u00a0?<\/p>\n<p>Nous avons achev\u00e9 le recrutement. Fabien Simondet est toujours l\u2019entra\u00eeneur. Kayla Ramos, qui s\u2019occupait de la communication, et\u00a0Sandra Rojas, la statisticienne, quittent le club pour rejoindre la Suisse.<\/p>\n<p>\u00a0<\/p>\n","protected":false},"excerpt":{"rendered":"Bernard Fages, le pr\u00e9sident des B\u00e9ziers Angels, revient sur les accusations (insultes, harc\u00e8lement\u2026) port\u00e9es par certains membres du&hellip;\n","protected":false},"author":2,"featured_media":194419,"comment_status":"","ping_status":"","sticky":false,"template":"","format":"standard","meta":{"footnotes":""},"categories":[1417],"tags":[1011,27,60,1470,1469],"class_list":{"0":"post-194418","1":"post","2":"type-post","3":"status-publish","4":"format-standard","5":"has-post-thumbnail","7":"category-volley","8":"tag-fr","9":"tag-france","10":"tag-sports","11":"tag-volley","12":"tag-volleyball"},"share_on_mastodon":{"url":"https:\/\/pubeurope.com\/@fr\/114723623358569103","error":""},"_links":{"self":[{"href":"https:\/\/www.europesays.com\/fr\/wp-json\/wp\/v2\/posts\/194418","targetHints":{"allow":["GET"]}}],"collection":[{"href":"https:\/\/www.europesays.com\/fr\/wp-json\/wp\/v2\/posts"}],"about":[{"href":"https:\/\/www.europesays.com\/fr\/wp-json\/wp\/v2\/types\/post"}],"author":[{"embeddable":true,"href":"https:\/\/www.europesays.com\/fr\/wp-json\/wp\/v2\/users\/2"}],"replies":[{"embeddable":true,"href":"https:\/\/www.europesays.com\/fr\/wp-json\/wp\/v2\/comments?post=194418"}],"version-history":[{"count":0,"href":"https:\/\/www.europesays.com\/fr\/wp-json\/wp\/v2\/posts\/194418\/revisions"}],"wp:featuredmedia":[{"embeddable":true,"href":"https:\/\/www.europesays.com\/fr\/wp-json\/wp\/v2\/media\/194419"}],"wp:attachment":[{"href":"https:\/\/www.europesays.com\/fr\/wp-json\/wp\/v2\/media?parent=194418"}],"wp:term":[{"taxonomy":"category","embeddable":true,"href":"https:\/\/www.europesays.com\/fr\/wp-json\/wp\/v2\/categories?post=194418"},{"taxonomy":"post_tag","embeddable":true,"href":"https:\/\/www.europesays.com\/fr\/wp-json\/wp\/v2\/tags?post=194418"}],"curies":[{"name":"wp","href":"https:\/\/api.w.org\/{rel}","templated":true}]}}