{"id":194432,"date":"2025-06-21T22:12:13","date_gmt":"2025-06-21T22:12:13","guid":{"rendered":"https:\/\/www.europesays.com\/fr\/194432\/"},"modified":"2025-06-21T22:12:13","modified_gmt":"2025-06-21T22:12:13","slug":"insolite-atp-andy-murray-lors-de-la-lune-de-miel-a-barcelone-avec-ma-femme-apres-notre-mariage-on-a-passe-deux-nuits-ensemble-et-la-journee-jallais-a-la-salle-de-sport-jetais-en-stage-den","status":"publish","type":"post","link":"https:\/\/www.europesays.com\/fr\/194432\/","title":{"rendered":"Insolite, ATP > Andy Murray : \u00ab\u00a0Lors de la lune de miel \u00e0 Barcelone avec ma femme, apr\u00e8s notre mariage, on a pass\u00e9 deux nuits ensemble et la journ\u00e9e, j&rsquo;allais \u00e0 la salle de sport. J&rsquo;\u00e9tais en stage d&rsquo;entra\u00eenement\u00a0\u00bb"},"content":{"rendered":"<p>Lors de sa grande inter\u00adview accord\u00e9e \u00e0 <a href=\"https:\/\/www.gq-magazine.co.uk\/article\/andy-murray-interview-2025\" data-wpel-link=\"external\" target=\"_blank\" rel=\"nofollow external noopener\">GQ<\/a>, quelques mois apr\u00e8s avoir mis un terme \u00e0 sa carri\u00e8re, Andy Murray a \u00e9voqu\u00e9 le soutien de son \u00e9pouse, Kim Sears, tout au long de sa carri\u00e8re.\u00a0<\/p>\n<p><strong>\u00ab\u202fQuand on s\u2019est mari\u00e9s, on a pass\u00e9 notre lune de miel \u00e0 Barcelone, et j\u2019\u00e9tais en stage d\u2019en\u00adtra\u00ee\u00adne\u00adment. En gros, on a pass\u00e9 deux nuits ensemble, mais pendant la journ\u00e9e, je m\u2019en\u00adtra\u00ee\u00adnais, j\u2019al\u00adlais \u00e0 la salle<a href=\"https:\/\/www.gq-magazine.co.uk\/tags\/gym\" data-wpel-link=\"external\" target=\"_blank\" rel=\"nofollow external noopener\"> <\/a>de<a href=\"https:\/\/www.gq-magazine.co.uk\/tags\/gym\" data-wpel-link=\"external\" target=\"_blank\" rel=\"nofollow external noopener\"> <\/a>sport et je faisais toute ma r\u00e9\u00e9du\u00adca\u00adtion. [La lune de miel] est tr\u00e8s impor\u00adtante pour la plupart des couples. C\u2019\u00e9tait peut\u2010\u00eatre aussi impor\u00adtant pour elle, mais elle \u00e9tait pr\u00eate \u00e0 faire ce sacri\u00adfice pour me permettre de pour\u00adsuivre mes objec\u00adtifs. Elle a jou\u00e9 un r\u00f4le essen\u00adtiel dans tout ce que j\u2019ai accompli, alors j\u2019es\u00adsaie main\u00adte\u00adnant de faire de mon mieux pour me rattraper. Si j\u2019ai pens\u00e9 \u00e0 un autre voyage \u00e0 Barcelone avec ma femme\u202f? C\u2019est une bonne id\u00e9e, je devrais proba\u00adble\u00adment l\u2019emmener quelque part. Je le ferai, peut\u2010\u00eatre dans quelques ann\u00e9es, quand les enfants seront un peu plus grands.\u202f\u00bb<\/strong><\/p>\n<p class=\"post-published-date\" style=\"color: silver; font-size: 75%; text-align: left;\">Publi\u00e9 le samedi 21 juin 2025 \u00e0 15:27<\/p>\n","protected":false},"excerpt":{"rendered":"Lors de sa grande inter\u00adview accord\u00e9e \u00e0 GQ, quelques mois apr\u00e8s avoir mis un terme \u00e0 sa carri\u00e8re,&hellip;\n","protected":false},"author":2,"featured_media":194433,"comment_status":"","ping_status":"","sticky":false,"template":"","format":"standard","meta":{"footnotes":""},"categories":[1359],"tags":[4737,58,59,1011,27,973],"class_list":{"0":"post-194432","1":"post","2":"type-post","3":"status-publish","4":"format-standard","5":"has-post-thumbnail","7":"category-people","8":"tag-andy-murray","9":"tag-divertissement","10":"tag-entertainment","11":"tag-fr","12":"tag-france","13":"tag-people"},"share_on_mastodon":{"url":"https:\/\/pubeurope.com\/@fr\/114723654439845079","error":""},"_links":{"self":[{"href":"https:\/\/www.europesays.com\/fr\/wp-json\/wp\/v2\/posts\/194432","targetHints":{"allow":["GET"]}}],"collection":[{"href":"https:\/\/www.europesays.com\/fr\/wp-json\/wp\/v2\/posts"}],"about":[{"href":"https:\/\/www.europesays.com\/fr\/wp-json\/wp\/v2\/types\/post"}],"author":[{"embeddable":true,"href":"https:\/\/www.europesays.com\/fr\/wp-json\/wp\/v2\/users\/2"}],"replies":[{"embeddable":true,"href":"https:\/\/www.europesays.com\/fr\/wp-json\/wp\/v2\/comments?post=194432"}],"version-history":[{"count":0,"href":"https:\/\/www.europesays.com\/fr\/wp-json\/wp\/v2\/posts\/194432\/revisions"}],"wp:featuredmedia":[{"embeddable":true,"href":"https:\/\/www.europesays.com\/fr\/wp-json\/wp\/v2\/media\/194433"}],"wp:attachment":[{"href":"https:\/\/www.europesays.com\/fr\/wp-json\/wp\/v2\/media?parent=194432"}],"wp:term":[{"taxonomy":"category","embeddable":true,"href":"https:\/\/www.europesays.com\/fr\/wp-json\/wp\/v2\/categories?post=194432"},{"taxonomy":"post_tag","embeddable":true,"href":"https:\/\/www.europesays.com\/fr\/wp-json\/wp\/v2\/tags?post=194432"}],"curies":[{"name":"wp","href":"https:\/\/api.w.org\/{rel}","templated":true}]}}