{"id":194436,"date":"2025-06-21T22:14:12","date_gmt":"2025-06-21T22:14:12","guid":{"rendered":"https:\/\/www.europesays.com\/fr\/194436\/"},"modified":"2025-06-21T22:14:12","modified_gmt":"2025-06-21T22:14:12","slug":"la-contre-revolution-californienne-de-sylvie-laurent","status":"publish","type":"post","link":"https:\/\/www.europesays.com\/fr\/194436\/","title":{"rendered":"La contre-r\u00e9volution californienne, de Sylvie Laurent"},"content":{"rendered":"<p>                                    <a href=\"https:\/\/www.rfi.fr\/fr\/podcasts\/livre-international\/\" title=\"Livre international\" target=\"_blank\" rel=\"noopener\"><\/p>\n<p>        <img decoding=\"async\" fetchpriority=\"high\" src=\"https:\/\/www.europesays.com\/fr\/wp-content\/uploads\/2025\/05\/carre-3000-Livre-international.jpg\" alt=\"Image carr\u00e9e\"   width=\"480\" height=\"480\" loading=\"eager\" class=\"m-figure__img lazy\"\/><\/p>\n<p>                                    <\/a><\/p>\n<p class=\"t-content__chapo\">\n                                                Direction la Californie pour parler d\u2019un livre qui explore les liens entre l\u2019extr\u00eame droite et le monde de la tech aux \u00c9tats-Unis. L\u2019historienne et am\u00e9ricaniste Sylvie Laurent s\u2019est int\u00e9ress\u00e9e \u00e0 la gen\u00e8se de l\u2019industrie num\u00e9rique dans la Silicon Valley. Dans ce petit livre passionnant intitul\u00e9 La contre-r\u00e9volution californienne, publi\u00e9 aux \u00e9ditions du Seuil, on y d\u00e9couvre que la Silicon Valley, souvent per\u00e7ue comme progressiste, ne l\u2019est peut-\u00eatre pas tant que cela.                    <\/p>\n<p>        <img decoding=\"async\" fetchpriority=\"low\" src=\"https:\/\/www.europesays.com\/fr\/wp-content\/uploads\/2025\/06\/La-contre-r\u00e9volution-californienne-de-Sylvie-Laurent.jpg\" alt=\"Couverture de l'essai \u00ab La contre-r\u00e9volution californienne \u00bb, de Sylvie Laurent, publi\u00e9 aux \u00e9ditions du Seuil dans la collection \u00ab Libelle \u00bb.\"   width=\"980\" height=\"551\" loading=\"eager\" class=\"m-figure__img lazy\"\/><\/p>\n<p>                Couverture de l&rsquo;essai \u00ab La contre-r\u00e9volution californienne \u00bb, de Sylvie Laurent, publi\u00e9 aux \u00e9ditions du Seuil dans la collection \u00ab Libelle \u00bb.                \u00a9 Seuil            <\/p>\n","protected":false},"excerpt":{"rendered":"Direction la Californie pour parler d\u2019un livre qui explore les liens entre l\u2019extr\u00eame droite et le monde de&hellip;\n","protected":false},"author":2,"featured_media":194437,"comment_status":"","ping_status":"","sticky":false,"template":"","format":"standard","meta":{"footnotes":""},"categories":[1357],"tags":[782,1379,58,59,73,1011,27,3258,1380,962],"class_list":{"0":"post-194436","1":"post","2":"type-post","3":"status-publish","4":"format-standard","5":"has-post-thumbnail","7":"category-livres","8":"tag-ameriques","9":"tag-books","10":"tag-divertissement","11":"tag-entertainment","12":"tag-etats-unis","13":"tag-fr","14":"tag-france","15":"tag-livre-international","16":"tag-livres","17":"tag-nouvelles-technologies"},"share_on_mastodon":{"url":"https:\/\/pubeurope.com\/@fr\/114723662537637586","error":""},"_links":{"self":[{"href":"https:\/\/www.europesays.com\/fr\/wp-json\/wp\/v2\/posts\/194436","targetHints":{"allow":["GET"]}}],"collection":[{"href":"https:\/\/www.europesays.com\/fr\/wp-json\/wp\/v2\/posts"}],"about":[{"href":"https:\/\/www.europesays.com\/fr\/wp-json\/wp\/v2\/types\/post"}],"author":[{"embeddable":true,"href":"https:\/\/www.europesays.com\/fr\/wp-json\/wp\/v2\/users\/2"}],"replies":[{"embeddable":true,"href":"https:\/\/www.europesays.com\/fr\/wp-json\/wp\/v2\/comments?post=194436"}],"version-history":[{"count":0,"href":"https:\/\/www.europesays.com\/fr\/wp-json\/wp\/v2\/posts\/194436\/revisions"}],"wp:featuredmedia":[{"embeddable":true,"href":"https:\/\/www.europesays.com\/fr\/wp-json\/wp\/v2\/media\/194437"}],"wp:attachment":[{"href":"https:\/\/www.europesays.com\/fr\/wp-json\/wp\/v2\/media?parent=194436"}],"wp:term":[{"taxonomy":"category","embeddable":true,"href":"https:\/\/www.europesays.com\/fr\/wp-json\/wp\/v2\/categories?post=194436"},{"taxonomy":"post_tag","embeddable":true,"href":"https:\/\/www.europesays.com\/fr\/wp-json\/wp\/v2\/tags?post=194436"}],"curies":[{"name":"wp","href":"https:\/\/api.w.org\/{rel}","templated":true}]}}