{"id":19445,"date":"2025-04-12T08:38:08","date_gmt":"2025-04-12T08:38:08","guid":{"rendered":"https:\/\/www.europesays.com\/fr\/19445\/"},"modified":"2025-04-12T08:38:08","modified_gmt":"2025-04-12T08:38:08","slug":"lyon-cest-quoi-ce-grand-chantier-qui-a-demarre-sur-la-place-bellecour","status":"publish","type":"post","link":"https:\/\/www.europesays.com\/fr\/19445\/","title":{"rendered":"Lyon. C&rsquo;est quoi ce grand chantier qui a d\u00e9marr\u00e9 sur la place Bellecour\u00a0?"},"content":{"rendered":"<p>            Par<br \/>\n        <strong><br \/>\n            <a href=\"https:\/\/actu.fr\/auteur\/nicolas-zaugra\" title=\"Consulter tous les articles de Nicolas Zaugra\" target=\"_blank\" rel=\"noopener\">Nicolas Zaugra<\/a><br \/>\n        <\/strong><\/p>\n<p>        Publi\u00e9 le<\/p>\n<p>            12 avr. 2025 \u00e0 6h58        <\/p>\n<p>C\u2019est un projet qui fait jaser et largement d\u00e9bat depuis son annonce par la mairie de <a href=\"https:\/\/actu.fr\/auvergne-rhone-alpes\/lyon_69123\" target=\"_blank\" rel=\"noopener\">Lyon<\/a>. En t\u00e9moignent ces nombreux passants qui s\u2019arr\u00eatent devant les panneaux d\u2019informations dispos\u00e9s sur des grilles qui entourent le chantier de la <a href=\"https:\/\/actu.fr\/tag\/bellecour\" target=\"_blank\" rel=\"noopener\">place Bellecour<\/a>.<\/p>\n<p class=\" wall-content\">Des premiers blocs de b\u00e9ton sont en train d\u2019\u00eatre coul\u00e9s le long de la grande diagonale pi\u00e9tonne qui traverse la place du 2e arrondissement. Le chantier du <a href=\"https:\/\/actu.fr\/auvergne-rhone-alpes\/lyon_69123\/lyon-voici-l-oeuvre-monumentale-qui-va-etre-installee-sur-la-place-bellecour-en-2025_61853133.html\" target=\"_blank\" rel=\"noopener\">projet \u00ab\u00a0Tissage urbains\u00a0\u00bb<\/a> a officiellement d\u00e9marr\u00e9. D\u2019ici le mois de juillet 2025, de <strong>grandes voiles seront install\u00e9es sur la place pour cr\u00e9er une zone d\u2019ombre<\/strong>. Bien loin des promesses de v\u00e9g\u00e9talisation faites \u00e0 l\u2019\u00e9poque du vote du budget participatif municipal.\u00a0<\/p>\n<p>1 500 m\u00b2 de voiles plac\u00e9es \u00e0 5 m\u00e8tres de hauteur<\/p>\n<p class=\" wall-content\">Le projet port\u00e9 par l\u2019artiste Romain Froquet, le cabinet Tristan Architecture et AIA Life Designers pr\u00e9voit de cr\u00e9er 1 500 m\u00b2 de voiles plac\u00e9es \u00e0 5 m\u00e8tres de hauteur.<\/p>\n<p class=\" wall-content\">Ces toiles constitu\u00e9es de 5 \u00e0 7 bandes feront 7 m\u00e8tres de large et doivent \u00eatre un hommage \u00e0 la soie lyonnaise et aux Canuts. Des<strong> brumisateurs<\/strong> doivent aussi \u00eatre install\u00e9s pour lutter contre la chaleur.<\/p>\n<p>      <img   decoding=\"async\" loading=\"lazy\" src=\"https:\/\/www.europesays.com\/fr\/wp-content\/uploads\/2025\/04\/place-bellecour-lyon-projet-960x640.jpeg\" alt=\"Le projet place bellecour pr\u00e9sent\u00e9 sur des affiches visibles du public.\" width=\"960\" height=\"640\"\/><br \/>\n    Le projet place Bellecour pr\u00e9sent\u00e9 sur des affiches visibles du public. (\u00a9Nicolas Zaugra\/ actu Lyon)Vid\u00e9os : en ce moment sur ActuLe projet un peu adapt\u00e9 face aux critiques<\/p>\n<p class=\" wall-content\">Il y a quelques jours, actu Lyon r\u00e9v\u00e9lait que le <a href=\"https:\/\/actu.fr\/auvergne-rhone-alpes\/lyon_69123\/lyon-le-grand-projet-place-bellecour-a-vire-au-casse-tete-des-changements-annonces_62405904.html\" target=\"_blank\" rel=\"noopener\">projet a \u00e9t\u00e9 quelque peu modifi\u00e9 pour s\u2019adapter \u00e0 certaines contraintes et critiques<\/a> comme la s\u00e9curit\u00e9, le risque incendie ou encore la force du vent. Les fondations du parking souterrain ne seront finalement pas impact\u00e9es.<\/p>\n<p class=\" wall-content\">Le projet pr\u00e9sent\u00e9 par <a href=\"https:\/\/actu.fr\/auvergne-rhone-alpes\/lyon_69123\/lyon-place-bellecour-pourquoi-le-maire-gregory-doucet-decoit-les-attentes_61857321.html\" target=\"_blank\" rel=\"noopener\">Gr\u00e9gory Doucet, le maire de Lyon<\/a>, en novembre 2024, fait en tout cas fortement d\u00e9bat.<\/p>\n<p class=\" wall-content\">Le maire LR du 2e arrondissement demande depuis des mois son annulation et juge la d\u00e9pense de 1,6 million d\u2019euros inutile. La Ville avait expliqu\u00e9 que son installation doit durer cinq ans et que cette \u0153uvre mobile pourra \u00eatre utilis\u00e9e dans d\u2019autres lieux.<\/p>\n<p class=\" wall-content\">Suivez toute l\u2019actualit\u00e9 de vos villes et m\u00e9dias favoris en vous inscrivant \u00e0 <a href=\"https:\/\/moncompte.actu.fr\" title=\"D\u00e9couvez Mon Actu\" rel=\"nofollow noopener\" data-trk=\"{&quot;cta&quot;:{&quot;action&quot;:&quot;https:\\\/\\\/moncompte.actu.fr&quot;,&quot;category&quot;:&quot;mon compte&quot;,&quot;from&quot;:&quot;article footer&quot;,&quot;name&quot;:&quot;Mon actu&quot;,&quot;type&quot;:&quot;cta&quot;}}\" target=\"_blank\">Mon Actu<\/a>.<\/p>\n","protected":false},"excerpt":{"rendered":"Par Nicolas Zaugra Publi\u00e9 le 12 avr. 2025 \u00e0 6h58 C\u2019est un projet qui fait jaser et largement&hellip;\n","protected":false},"author":2,"featured_media":19446,"comment_status":"","ping_status":"","sticky":false,"template":"","format":"standard","meta":{"footnotes":""},"categories":[1889],"tags":[1111,11,2430,5272,1777,674,1011,27,2428,12,25,104,2086],"class_list":{"0":"post-19445","1":"post","2":"type-post","3":"status-publish","4":"format-standard","5":"has-post-thumbnail","7":"category-lyon","8":"tag-actu","9":"tag-actualites","10":"tag-auvergne-rhone-alpes","11":"tag-bellecour","12":"tag-eu","13":"tag-europe","14":"tag-fr","15":"tag-france","16":"tag-lyon","17":"tag-news","18":"tag-republique-francaise","19":"tag-societe","20":"tag-travaux"},"share_on_mastodon":{"url":"https:\/\/pubeurope.com\/@fr\/114324091932270261","error":""},"_links":{"self":[{"href":"https:\/\/www.europesays.com\/fr\/wp-json\/wp\/v2\/posts\/19445","targetHints":{"allow":["GET"]}}],"collection":[{"href":"https:\/\/www.europesays.com\/fr\/wp-json\/wp\/v2\/posts"}],"about":[{"href":"https:\/\/www.europesays.com\/fr\/wp-json\/wp\/v2\/types\/post"}],"author":[{"embeddable":true,"href":"https:\/\/www.europesays.com\/fr\/wp-json\/wp\/v2\/users\/2"}],"replies":[{"embeddable":true,"href":"https:\/\/www.europesays.com\/fr\/wp-json\/wp\/v2\/comments?post=19445"}],"version-history":[{"count":0,"href":"https:\/\/www.europesays.com\/fr\/wp-json\/wp\/v2\/posts\/19445\/revisions"}],"wp:featuredmedia":[{"embeddable":true,"href":"https:\/\/www.europesays.com\/fr\/wp-json\/wp\/v2\/media\/19446"}],"wp:attachment":[{"href":"https:\/\/www.europesays.com\/fr\/wp-json\/wp\/v2\/media?parent=19445"}],"wp:term":[{"taxonomy":"category","embeddable":true,"href":"https:\/\/www.europesays.com\/fr\/wp-json\/wp\/v2\/categories?post=19445"},{"taxonomy":"post_tag","embeddable":true,"href":"https:\/\/www.europesays.com\/fr\/wp-json\/wp\/v2\/tags?post=19445"}],"curies":[{"name":"wp","href":"https:\/\/api.w.org\/{rel}","templated":true}]}}