{"id":194459,"date":"2025-06-21T22:26:11","date_gmt":"2025-06-21T22:26:11","guid":{"rendered":"https:\/\/www.europesays.com\/fr\/194459\/"},"modified":"2025-06-21T22:26:11","modified_gmt":"2025-06-21T22:26:11","slug":"saint-chamond-fin-de-saison-sur-scene-pour-le-centre-de-danse-dominique-gimet","status":"publish","type":"post","link":"https:\/\/www.europesays.com\/fr\/194459\/","title":{"rendered":"Saint-Chamond. Fin de saison sur sc\u00e8ne pour le centre de danse Dominique Gimet"},"content":{"rendered":"<p>C\u2019est la ruche dans la loge o\u00f9 on se succ\u00e8de pour changer de tenue. On a un instant pour quitter un tutu fluo de luciole, enfiler un col de marin \u00e0 pompon, ou encore devenir une sir\u00e8ne ou m\u00eame une m\u00e9duse.<\/p>\n<p>Le 42e spectacle du centre de danse<\/p>\n<p>Ali\u00e9nor, une \u00e9l\u00e8ve, est satisfaite\u00a0: \u00ab\u00a0Pas facile de mettre la main sur des pantalons satin\u00e9s avec des \u00e9cailles. Mais on l\u2019a fait\u00a0! \u00a0\u00bb Il le fallait car le spectacle est la c\u00e9l\u00e8bre histoire d\u2019amour de&#8230;<\/p>\n","protected":false},"excerpt":{"rendered":"C\u2019est la ruche dans la loge o\u00f9 on se succ\u00e8de pour changer de tenue. On a un instant&hellip;\n","protected":false},"author":2,"featured_media":194460,"comment_status":"","ping_status":"","sticky":false,"template":"","format":"standard","meta":{"footnotes":""},"categories":[9653],"tags":[1111,11,2430,1687,7539,1777,674,1011,27,12,25,9669,9670,4001,3140],"class_list":{"0":"post-194459","1":"post","2":"type-post","3":"status-publish","4":"format-standard","5":"has-post-thumbnail","7":"category-saint-etienne","8":"tag-actu","9":"tag-actualites","10":"tag-auvergne-rhone-alpes","11":"tag-culture-loisirs","12":"tag-edition-loire-sud","13":"tag-eu","14":"tag-europe","15":"tag-fr","16":"tag-france","17":"tag-news","18":"tag-republique-francaise","19":"tag-saint-chamond","20":"tag-saint-chamond-ville","21":"tag-saint-etienne","22":"tag-spectacle"},"share_on_mastodon":{"url":"https:\/\/pubeurope.com\/@fr\/114723709520426842","error":""},"_links":{"self":[{"href":"https:\/\/www.europesays.com\/fr\/wp-json\/wp\/v2\/posts\/194459","targetHints":{"allow":["GET"]}}],"collection":[{"href":"https:\/\/www.europesays.com\/fr\/wp-json\/wp\/v2\/posts"}],"about":[{"href":"https:\/\/www.europesays.com\/fr\/wp-json\/wp\/v2\/types\/post"}],"author":[{"embeddable":true,"href":"https:\/\/www.europesays.com\/fr\/wp-json\/wp\/v2\/users\/2"}],"replies":[{"embeddable":true,"href":"https:\/\/www.europesays.com\/fr\/wp-json\/wp\/v2\/comments?post=194459"}],"version-history":[{"count":0,"href":"https:\/\/www.europesays.com\/fr\/wp-json\/wp\/v2\/posts\/194459\/revisions"}],"wp:featuredmedia":[{"embeddable":true,"href":"https:\/\/www.europesays.com\/fr\/wp-json\/wp\/v2\/media\/194460"}],"wp:attachment":[{"href":"https:\/\/www.europesays.com\/fr\/wp-json\/wp\/v2\/media?parent=194459"}],"wp:term":[{"taxonomy":"category","embeddable":true,"href":"https:\/\/www.europesays.com\/fr\/wp-json\/wp\/v2\/categories?post=194459"},{"taxonomy":"post_tag","embeddable":true,"href":"https:\/\/www.europesays.com\/fr\/wp-json\/wp\/v2\/tags?post=194459"}],"curies":[{"name":"wp","href":"https:\/\/api.w.org\/{rel}","templated":true}]}}