{"id":194465,"date":"2025-06-21T22:29:19","date_gmt":"2025-06-21T22:29:19","guid":{"rendered":"https:\/\/www.europesays.com\/fr\/194465\/"},"modified":"2025-06-21T22:29:19","modified_gmt":"2025-06-21T22:29:19","slug":"cette-placette-doit-devenir-un-square","status":"publish","type":"post","link":"https:\/\/www.europesays.com\/fr\/194465\/","title":{"rendered":"cette placette doit devenir un square"},"content":{"rendered":"<p>Retenu dans le cadre du <a href=\"https:\/\/www.estrepublicain.fr\/economie\/2024\/11\/19\/budget-participatif-2025-l-appel-a-projets-demarre-ce-mercredi\" target=\"_blank\" rel=\"noopener\">budget participatif 2024,<\/a> le projet propos\u00e9 par l\u2019atelier de vie de quartier centre-ville\/Charles-III, de v\u00e9g\u00e9taliser et d\u2019am\u00e9nager la place Charles-III, a avanc\u00e9 en termes d\u2019\u00e9tudes et de projections, tout du moins \u00e0 un endroit bien pr\u00e9cis. Les riverains pr\u00e9sents \u00e0 l\u2019assembl\u00e9e g\u00e9n\u00e9rale de cet atelier de vie de quartier, ce vendredi, ont en effet eu un aper\u00e7u des changements qui devraient intervenir sur la placette Saint-S\u00e9bastien, jouxtant <a href=\"https:\/\/www.estrepublicain.fr\/societe\/2025\/02\/28\/livreurs-place-charles-iii-riverains-et-commercants-lancent-une-petition\" target=\"_blank\" rel=\"noopener\">la grande place Charles-III.<\/a><\/p>\n<p>Situ\u00e9e entre <a href=\"https:\/\/www.estrepublicain.fr\/economie\/2025\/04\/06\/on-fait-le-point-sur-le-centre-commercial-saint-sebastien\" target=\"_blank\" rel=\"noopener\">le centre commercial<\/a> et l\u2019\u00e9glise, la placette Saint-S\u00e9bastien doit ainsi \u00ab\u00a0devenir un square\u00a0\u00bb, a pr\u00e9sent\u00e9 <a href=\"https:\/\/www.estrepublicain.fr\/culture-loisirs\/2023\/03\/14\/la-brasserie-de-la-pepiniere-doit-etre-conservee-estime-un-architecte\" target=\"_blank\" rel=\"noopener\"> l\u2019architecte Sylvain Giacomazzi,<\/a> pour l\u2019atelier. \u00ab\u00a0Nous avons l\u2019opportunit\u00e9, sur cette zone qui est un peu un no man\u2019s land, de la v\u00e9g\u00e9taliser, d\u2019en faire un lieu o\u00f9 les gens pourront se poser, dans un certain confort.\u00a0\u00bb Par exemple pour lire, l\u2019arbre \u00e0 livres actuellement install\u00e9 en haut de la place Charles-III, pourrait d\u2019ailleurs \u00eatre d\u00e9plac\u00e9 au sein de ce futur square.<\/p>\n<p>Ce contenu est bloqu\u00e9 car vous n&rsquo;avez pas accept\u00e9 les cookies et autres traceurs.<\/p>\n<p>En cliquant sur \u00ab J\u2019accepte \u00bb, les cookies et autres traceurs seront d\u00e9pos\u00e9s et vous pourrez visualiser les contenus  (<a href=\"\" class=\"consentModule_policy\" target=\"_blank\" title=\"Consulter la politique de protection des donn\u00e9es du fournisseur\">plus d&rsquo;informations<\/a>).<\/p>\n<p>En cliquant sur \u00ab J\u2019accepte tous les cookies \u00bb, vous autorisez des d\u00e9p\u00f4ts de cookies et autres traceurs pour le stockage de vos donn\u00e9es sur nos sites et applications \u00e0 des fins de personnalisation et de ciblage publicitaire.<\/p>\n<p class=\"consentModule_secondaryText\">Vous gardez la possibilit\u00e9 de retirer votre consentement \u00e0 tout moment en consultant notre <a href=\"https:\/\/www.estrepublicain.fr\/protection-des-donnees\" target=\"_blank\" title=\"Consulter notre politique de protection des donn\u00e9es\" rel=\"noopener\">politique de protection des donn\u00e9es<\/a>. <br \/>&#13;<br \/>\n            <a href=\"https:\/\/www.estrepublicain.fr\/societe\/2025\/06\/21\/javascript:Didomi.notice.show()\" class=\"consentModule_cmp\" target=\"_blank\" rel=\"noopener\">G\u00e9rer mes choix<\/a>&#13;\n        <\/p>\n<p>&#13;<br \/>\n                        J&rsquo;accepte&#13;<br \/>\n            J&rsquo;accepte tous les cookies&#13;\n        <\/p>\n<p>Les travaux d\u2019engazonnement et de plantation ne sont toutefois pas imminents\u00a0: en pr\u00e9ambule, une phase de fouilles arch\u00e9ologiques, impos\u00e9e par les textes r\u00e9glementaires, devra en effet se d\u00e9rouler. L\u2019atelier de vie de quartier et la Ville continueront donc de \u201cfignoler\u201d ce projet dans les mois qui viennent, avant de pouvoir le mat\u00e9rialiser.<\/p>\n<p>En attendant, des bancs et bois et deux structures m\u00e9talliques en forme d\u2019arbres et accueillant une v\u00e9g\u00e9tation grimpante, ont r\u00e9cemment \u00e9lu domicile sur cette placette n\u2019abritant, pour l\u2019instant, que deux ou trois arbres.<\/p>\n","protected":false},"excerpt":{"rendered":"Retenu dans le cadre du budget participatif 2024, le projet propos\u00e9 par l\u2019atelier de vie de quartier centre-ville\/Charles-III,&hellip;\n","protected":false},"author":2,"featured_media":194466,"comment_status":"","ping_status":"","sticky":false,"template":"","format":"standard","meta":{"footnotes":""},"categories":[9635],"tags":[1111,11,1704,1777,674,1011,27,775,1702,1703,12,25,104,1631],"class_list":{"0":"post-194465","1":"post","2":"type-post","3":"status-publish","4":"format-standard","5":"has-post-thumbnail","7":"category-nancy","8":"tag-actu","9":"tag-actualites","10":"tag-edition-nancy-et-agglomeration","11":"tag-eu","12":"tag-europe","13":"tag-fr","14":"tag-france","15":"tag-grand-est","16":"tag-nancy","17":"tag-nancy-ville-54b","18":"tag-news","19":"tag-republique-francaise","20":"tag-societe","21":"tag-vie-associative"},"share_on_mastodon":{"url":"https:\/\/pubeurope.com\/@fr\/114723721445371603","error":""},"_links":{"self":[{"href":"https:\/\/www.europesays.com\/fr\/wp-json\/wp\/v2\/posts\/194465","targetHints":{"allow":["GET"]}}],"collection":[{"href":"https:\/\/www.europesays.com\/fr\/wp-json\/wp\/v2\/posts"}],"about":[{"href":"https:\/\/www.europesays.com\/fr\/wp-json\/wp\/v2\/types\/post"}],"author":[{"embeddable":true,"href":"https:\/\/www.europesays.com\/fr\/wp-json\/wp\/v2\/users\/2"}],"replies":[{"embeddable":true,"href":"https:\/\/www.europesays.com\/fr\/wp-json\/wp\/v2\/comments?post=194465"}],"version-history":[{"count":0,"href":"https:\/\/www.europesays.com\/fr\/wp-json\/wp\/v2\/posts\/194465\/revisions"}],"wp:featuredmedia":[{"embeddable":true,"href":"https:\/\/www.europesays.com\/fr\/wp-json\/wp\/v2\/media\/194466"}],"wp:attachment":[{"href":"https:\/\/www.europesays.com\/fr\/wp-json\/wp\/v2\/media?parent=194465"}],"wp:term":[{"taxonomy":"category","embeddable":true,"href":"https:\/\/www.europesays.com\/fr\/wp-json\/wp\/v2\/categories?post=194465"},{"taxonomy":"post_tag","embeddable":true,"href":"https:\/\/www.europesays.com\/fr\/wp-json\/wp\/v2\/tags?post=194465"}],"curies":[{"name":"wp","href":"https:\/\/api.w.org\/{rel}","templated":true}]}}