{"id":194469,"date":"2025-06-21T22:32:22","date_gmt":"2025-06-21T22:32:22","guid":{"rendered":"https:\/\/www.europesays.com\/fr\/194469\/"},"modified":"2025-06-21T22:32:22","modified_gmt":"2025-06-21T22:32:22","slug":"lubb-aura-sa-revanche-en-finale-face-a-toulouse","status":"publish","type":"post","link":"https:\/\/www.europesays.com\/fr\/194469\/","title":{"rendered":"l\u2019UBB aura sa revanche en finale face \u00e0 Toulouse"},"content":{"rendered":"<p><strong>Bordeaux B\u00e8gles\u00a0&#8211; Toulon\u00a0: 39-24<\/strong><\/p>\n<p>Une finale qui aura comme un air de revanche. L\u2019UBB va retrouver samedi prochain le Stade toulousain, un an apr\u00e8s sa lourde d\u00e9faite. Fort de leur titre de champions d\u2019Europe, les Bordelais n\u2019ont qu\u2019un objectif\u00a0: le Brennus.<\/p>\n<p>De son c\u00f4t\u00e9, le RCT qui n\u2019avait pas disput\u00e9 de demi-finale de Top\u00a014 depuis 2017 devra encore attendre pour renouveler avec son glorieux pass\u00e9. Dans la premi\u00e8re p\u00e9riode, le rythme a tout de suite \u00e9t\u00e9 impos\u00e9 par l\u2019UBB, priv\u00e9e pour cette demi-finale de Louis Bielle-Biarrey. Les Toulonnais ont r\u00e9pondu sur le plan du d\u00e9fi physique avec un Jaminet meneur de jeu.<\/p>\n<p>Mais ce sont les Bordelais qui ont rapidement ouvert leur compteur avec une premi\u00e8re p\u00e9nalit\u00e9 pass\u00e9e par Jalibert suite \u00e0 un plaquage \u00e0 retardement sur Lamothe (3-0, 6e). Trois minutes plus tard, c\u2019est l\u2019UBB qui sera p\u00e9nalis\u00e9e et directement sanctionn\u00e9e par Jaminet (3-3, 9e).<\/p>\n<p>L&rsquo;UBB domine dans tous les secteurs<\/p>\n<p>S\u2019en est suivie une longue phase d\u2019observation entre les deux \u00e9quipes avec un recours important au jeu au pied. Apr\u00e8s une touche dans les 5 m\u00e8tres toulonnais et un ballon port\u00e9, Depoort\u00e8re a perc\u00e9 la ligne et est venu inscrire le premier essai de la rencontre (8-3, 19e).<\/p>\n<p>L\u2019UBB a continu\u00e9 sa phase de domination et a trouv\u00e9 une nouvelle touche devant les 5 m\u00e8tres de Toulon. Le maul girondin a fait face \u00e0 la r\u00e9sistance du RCT\u00a0: Lucu oblig\u00e9 de sortir le ballon, Lamothe l\u2019a aplati derri\u00e8re la ligne et Jalibert a transform\u00e9 ce second essai (15-3, 27e).<\/p>\n<p>Mais juste avant la pause, le RCT a r\u00e9duit l\u2019\u00e9cart, apr\u00e8s une m\u00eal\u00e9e au niveau de ses 40 m\u00e8tres. Garbisi a remport\u00e9 son duel sur Jalibert et remont\u00e9 jusqu\u2019aux 22 m\u00e8tres bordelais avant de servir Fainga\u2019anuku qui a r\u00e9sist\u00e9 au plaquage pour marquer le premier essai varois (15-10, 40e +\u00a01).<\/p>\n<p>Un tripl\u00e9 historique pour Lamothe<\/p>\n<p>Au retour des vestiaires, les Bordelais ont directement remis de l\u2019intensit\u00e9 \u00e0 l\u2019image de Lamothe qui est all\u00e9e inscrire un doubl\u00e9, bien servi par Moefana (22-10, 41e). Dix minutes plus tard, les Bordelais obtenaient un contre-ruck sur les 5 m\u00e8tres. S\u2019ensuivait un en-avant volontaire d\u2019Halagahu qui sera puni d\u2019un carton jaune.<\/p>\n<p>Les Toulonnais se retrouvaient \u00e0 14 contre 15 pendant 10 minutes.\u00a0Un surnombre dont profitait l\u2019UBB pour creuser l\u2019\u00e9cart apr\u00e8s une bonne combinaison entre Jalibert et Penaud sur son aile, le second n\u2019ayant plus qu\u2019\u00e0 aller aplatir dans l\u2019en-but (27-10, 53e). Deux minutes plus tard, c\u2019est Lamothe qui venait une nouvelle fois conclure un beau mouvement collectif (36-10, 55e).<\/p>\n<p>Les Toulonnais de nouveau \u00e0 15 reprenaient leur ordre de marche et enfon\u00e7aient la ligne bordelaise sur un ballon port\u00e9\u00a0: essai de Tuicuvu, transform\u00e9 par Domon (36-17, 63e). Mais dans la foul\u00e9e, l\u2019UBB accroissait son avantage d\u2019une p\u00e9nalit\u00e9 (39-17, 63e) et surtout sa d\u00e9fense r\u00e9sistait aux assauts des Rouges et Noir dont le dernier essai restait anecdotique (39-24, 80e). C\u2019est bien le champion d\u2019Europe qui d\u00e9fiera Toulouse, samedi prochain.<\/p>\n<p><strong>Mi-temps\u00a0:<\/strong> 15-10.<br \/><strong>Arbitre\u00a0:<\/strong> M.\u00a0Cayre.<br \/><strong>Bordeaux B\u00e8gles\u00a0:<\/strong> 5E Depoort\u00e8re (19e), Lamothe (27e, 45e, 55e), Penaud (53e)\u00a0; 4T Jalibert (27e, 45e, 53e, 55e)\u00a0; 2P Jalibert (6e, 65e).<br \/><strong>Toulon\u00a0:<\/strong> 3E Fainga\u2019anuku (40e +\u00a01), Tuicuvu (63e), Gigashvili (80e)\u00a0; 3T Jaminet (40e +\u00a01), Domon (63e, 80e)\u00a0; 1P Jaminet (9e).<br \/><strong>Carton jaune\u00a0:<\/strong> \u00e0 Toulon, Halagahu (50e).<\/p>\n","protected":false},"excerpt":{"rendered":"Bordeaux B\u00e8gles\u00a0&#8211; Toulon\u00a0: 39-24 Une finale qui aura comme un air de revanche. L\u2019UBB va retrouver samedi prochain&hellip;\n","protected":false},"author":2,"featured_media":194470,"comment_status":"","ping_status":"","sticky":false,"template":"","format":"standard","meta":{"footnotes":""},"categories":[9619],"tags":[328,1111,11,1777,674,1011,27,12,882,25,479,60,478,2310],"class_list":{"0":"post-194469","1":"post","2":"type-post","3":"status-publish","4":"format-standard","5":"has-post-thumbnail","7":"category-toulon","8":"tag-a-la-une","9":"tag-actu","10":"tag-actualites","11":"tag-eu","12":"tag-europe","13":"tag-fr","14":"tag-france","15":"tag-news","16":"tag-provence-alpes-cote-dazur","17":"tag-republique-francaise","18":"tag-rugby","19":"tag-sports","20":"tag-top-14","21":"tag-toulon"},"share_on_mastodon":{"url":"https:\/\/pubeurope.com\/@fr\/114723733105428527","error":""},"_links":{"self":[{"href":"https:\/\/www.europesays.com\/fr\/wp-json\/wp\/v2\/posts\/194469","targetHints":{"allow":["GET"]}}],"collection":[{"href":"https:\/\/www.europesays.com\/fr\/wp-json\/wp\/v2\/posts"}],"about":[{"href":"https:\/\/www.europesays.com\/fr\/wp-json\/wp\/v2\/types\/post"}],"author":[{"embeddable":true,"href":"https:\/\/www.europesays.com\/fr\/wp-json\/wp\/v2\/users\/2"}],"replies":[{"embeddable":true,"href":"https:\/\/www.europesays.com\/fr\/wp-json\/wp\/v2\/comments?post=194469"}],"version-history":[{"count":0,"href":"https:\/\/www.europesays.com\/fr\/wp-json\/wp\/v2\/posts\/194469\/revisions"}],"wp:featuredmedia":[{"embeddable":true,"href":"https:\/\/www.europesays.com\/fr\/wp-json\/wp\/v2\/media\/194470"}],"wp:attachment":[{"href":"https:\/\/www.europesays.com\/fr\/wp-json\/wp\/v2\/media?parent=194469"}],"wp:term":[{"taxonomy":"category","embeddable":true,"href":"https:\/\/www.europesays.com\/fr\/wp-json\/wp\/v2\/categories?post=194469"},{"taxonomy":"post_tag","embeddable":true,"href":"https:\/\/www.europesays.com\/fr\/wp-json\/wp\/v2\/tags?post=194469"}],"curies":[{"name":"wp","href":"https:\/\/api.w.org\/{rel}","templated":true}]}}