{"id":194484,"date":"2025-06-21T22:45:20","date_gmt":"2025-06-21T22:45:20","guid":{"rendered":"https:\/\/www.europesays.com\/fr\/194484\/"},"modified":"2025-06-21T22:45:20","modified_gmt":"2025-06-21T22:45:20","slug":"une-bataille-entre-lol-et-nice-pour-juma-bah-2","status":"publish","type":"post","link":"https:\/\/www.europesays.com\/fr\/194484\/","title":{"rendered":"une bataille entre l&rsquo;OL et Nice pour Juma Bah?"},"content":{"rendered":"<p>Juma Bah devrait rester en France. Le d\u00e9fenseur central sierra-l\u00e9onais de 19 ans <a href=\"https:\/\/fr.news.yahoo.com\/sport\/mercato-lens-attire-r%C3%A9v%C3%A9lation-liga-174132388.html\" data-ylk=\"slk:pr\u00eat\u00e9 six mois au RC Lens en janvier dernier par Manchester City;elm:context_link;itc:0;sec:content-canvas;outcm:mb_qualified_link;_E:mb_qualified_link;ct:story;\" class=\"link  yahoo-link\" target=\"_blank\" rel=\"noopener\">pr\u00eat\u00e9 six mois au RC Lens en janvier dernier par Manchester City<\/a> devrait faire son retour en Ligue 1 cet \u00e9t\u00e9. La r\u00e9v\u00e9lation de la Liga sign\u00e9e tr\u00e8s vite par les Citizens apr\u00e8s seulement 12 apparitions avec les pros devrait choisir son avenir entre l&rsquo;OL et Nice.<\/p>\n<p>Dans un premier temps, L&rsquo;Equipe avait annonc\u00e9 qu&rsquo;il serait le joueur pr\u00eat\u00e9 un an par City \u00e0 l&rsquo;Olympique lyonnais, comme convenu dans le cadre du transfert de Rayan Cherki. Les dirigeants rhodaniens auraient pourtant d&rsquo;abord formul\u00e9 un int\u00e9r\u00eat pour des joueurs plus offensifs, tels que James McAtee ou Claudio Echeverri. Mais Juma Bah ferait de plus en plus l&rsquo;objet d&rsquo;un accord.<\/p>\n<p>Sauf que le journaliste italien Fabrizio Romano indique que le Sierra-l\u00e9onais disposerait aussi d&rsquo;une offre de pr\u00eat de l&rsquo;OGC Nice, qui lui aurait fait part de son projet. \u00c7a serait \u00e0 lui d\u00e9sormais de faire un choix entre les deux propositions.<\/p>\n<p>Une saison 2024-2025 fulgurante<\/p>\n<p>Juma Bah a v\u00e9cu une ascension fulgurante lors de la saison pass\u00e9e. D\u00e9couvert aux Freetonians SLIFA dans son pays du Sierra-Leone, le d\u00e9fenseur a \u00e9t\u00e9 pr\u00eat\u00e9 avec option achat chez les Espagnols de Valladolid. Lanc\u00e9 avec la r\u00e9serve, le Sierral\u00e9onais est ensuite devenu l&rsquo;une des r\u00e9v\u00e9lations de la premi\u00e8re moiti\u00e9 de saison en Liga avec pas moins de 12 apparitions.<\/p>\n<p>Un temps de jeu suffisant pour convaincre Manchester City de s&rsquo;int\u00e9resser \u00e0 lui et de l&rsquo;aider \u00e0 payer sa clause lib\u00e9ratoire, moins d&rsquo;un mois apr\u00e8s son transfert d\u00e9finitif \u00e0 Valladolid d\u00e9but janvier. Le club espagnol a d\u00e9bours\u00e9 un peu plus de 100.000 euros pour le recruter puis a empoch\u00e9 six millions d&rsquo;euros pour son d\u00e9part vers l&rsquo;Angleterre.<\/p>\n<p><a href=\"https:\/\/rmcsport.bfmtv.com\/football\/transferts\/mercato-une-bataille-entre-l-ol-et-nice-pour-juma-bah_AV-202506210113.html#xtor=AL-68\" rel=\"nofollow noopener\" target=\"_blank\" data-ylk=\"slk:Article original publi\u00e9 sur RMC Sport;elm:context_link;itc:0;sec:content-canvas\" class=\"link \">Article original publi\u00e9 sur RMC Sport<\/a><\/p>\n","protected":false},"excerpt":{"rendered":"Juma Bah devrait rester en France. Le d\u00e9fenseur central sierra-l\u00e9onais de 19 ans pr\u00eat\u00e9 six mois au RC&hellip;\n","protected":false},"author":2,"featured_media":194485,"comment_status":"","ping_status":"","sticky":false,"template":"","format":"standard","meta":{"footnotes":""},"categories":[2819],"tags":[1111,11,33332,1777,674,1011,27,33335,33333,33334,16663,12,2401,882,33336,2264,25,33337],"class_list":{"0":"post-194484","1":"post","2":"type-post","3":"status-publish","4":"format-standard","5":"has-post-thumbnail","7":"category-nice","8":"tag-actu","9":"tag-actualites","10":"tag-claudio-echeverri","11":"tag-eu","12":"tag-europe","13":"tag-fr","14":"tag-france","15":"tag-james-mcatee","16":"tag-juma","17":"tag-juma-bah","18":"tag-manchester-city","19":"tag-news","20":"tag-nice","21":"tag-provence-alpes-cote-dazur","22":"tag-rayan","23":"tag-rc-lens","24":"tag-republique-francaise","25":"tag-valladolid"},"share_on_mastodon":{"url":"https:\/\/pubeurope.com\/@fr\/114723784172834201","error":""},"_links":{"self":[{"href":"https:\/\/www.europesays.com\/fr\/wp-json\/wp\/v2\/posts\/194484","targetHints":{"allow":["GET"]}}],"collection":[{"href":"https:\/\/www.europesays.com\/fr\/wp-json\/wp\/v2\/posts"}],"about":[{"href":"https:\/\/www.europesays.com\/fr\/wp-json\/wp\/v2\/types\/post"}],"author":[{"embeddable":true,"href":"https:\/\/www.europesays.com\/fr\/wp-json\/wp\/v2\/users\/2"}],"replies":[{"embeddable":true,"href":"https:\/\/www.europesays.com\/fr\/wp-json\/wp\/v2\/comments?post=194484"}],"version-history":[{"count":0,"href":"https:\/\/www.europesays.com\/fr\/wp-json\/wp\/v2\/posts\/194484\/revisions"}],"wp:featuredmedia":[{"embeddable":true,"href":"https:\/\/www.europesays.com\/fr\/wp-json\/wp\/v2\/media\/194485"}],"wp:attachment":[{"href":"https:\/\/www.europesays.com\/fr\/wp-json\/wp\/v2\/media?parent=194484"}],"wp:term":[{"taxonomy":"category","embeddable":true,"href":"https:\/\/www.europesays.com\/fr\/wp-json\/wp\/v2\/categories?post=194484"},{"taxonomy":"post_tag","embeddable":true,"href":"https:\/\/www.europesays.com\/fr\/wp-json\/wp\/v2\/tags?post=194484"}],"curies":[{"name":"wp","href":"https:\/\/api.w.org\/{rel}","templated":true}]}}