{"id":19449,"date":"2025-04-12T08:40:10","date_gmt":"2025-04-12T08:40:10","guid":{"rendered":"https:\/\/www.europesays.com\/fr\/19449\/"},"modified":"2025-04-12T08:40:10","modified_gmt":"2025-04-12T08:40:10","slug":"retour-des-nuages-et-de-la-pluie-a-paris-et-en-ile-de-france","status":"publish","type":"post","link":"https:\/\/www.europesays.com\/fr\/19449\/","title":{"rendered":"retour des nuages et de la pluie \u00e0 Paris et en \u00cele-de-France"},"content":{"rendered":"<p>            Par<br \/>\n        <strong><br \/>\n            <a href=\"https:\/\/actu.fr\/auteur\/redaction-paris\" title=\"Consulter tous les articles de R\u00e9daction Paris\" rel=\"nofollow noopener\" target=\"_blank\">R\u00e9daction Paris<\/a><br \/>\n        <\/strong><\/p>\n<p>        Publi\u00e9 le<\/p>\n<p>            12 avr. 2025 \u00e0 6h06        <\/p>\n<p>Il fallait profiter du soleil de ces derni\u00e8res semaines et m\u00eame si les temp\u00e9ratures avaient quelque peu recul\u00e9 ces derniers jours, la <a href=\"https:\/\/actu.fr\/paris\/meteo\" rel=\"nofollow noopener\" target=\"_blank\">m\u00e9t\u00e9o<\/a> \u00e9tait encore des plus agr\u00e9ables \u00e0 Paris et en \u00cele-de-France. Malheureusement, c\u2019est fini. D\u00e8s ce week-end des samedi 12 et dimanche 13 avril, une perturbation va ramener de la pluie dans la r\u00e9gion selon les pr\u00e9visions de <a href=\"https:\/\/actu.fr\/tag\/meteo-france\" rel=\"nofollow noopener\" target=\"_blank\">M\u00e9t\u00e9o-France<\/a>.\u00a0<\/p>\n<p>Les pr\u00e9visions de M\u00e9t\u00e9o-France \u00e0 Paris et en \u00cele-de-France<\/p>\n<p class=\" wall-content\">Avant la d\u00e9gradation des conditions m\u00e9t\u00e9o, les Franciliens vont encore pouvoir profiter de quelques rayons de soleil ce samedi matin.<\/p>\n<p class=\" wall-content\">De la Normandie au Bassin parisien et au Grand Est, le temps sera en effet encore assez lumineux et tr\u00e8s doux, avant l\u2019arriv\u00e9e de la perturbation en fin de journ\u00e9e ou soir\u00e9e. C\u00f4t\u00e9 temp\u00e9ratures, ce sera encore tr\u00e8s agr\u00e9able puisqu\u2019on attend 22\u00b0C dans la capitale.\u00a0<\/p>\n<p class=\" wall-content\">Dimanche, des petites pluies sont pr\u00e9vues en cours de matin\u00e9e. Le temps sera nuageux \u00e0 tr\u00e8s nuageux ensuite. Une tendance qui devrait se maintenir toute la journ\u00e9e. Les temp\u00e9ratures \u00e9volueront de 13\u00b0C \u00e0 20\u00b0C \u00e0 Paris.\u00a0<\/p>\n<p class=\" wall-content\">Le temps devrait \u00eatre plus sec lundi. M\u00e9t\u00e9o-France pr\u00e9voit un alternance d\u2019\u00e9claircies et de passages nuageux et des temp\u00e9ratures allant de 10\u00b0C \u00e0 19\u00b0C dans la capitale.\u00a0<\/p>\n<p>Vid\u00e9os : en ce moment sur Actu<\/p>\n<p class=\" wall-content\">Suivez toute l\u2019actualit\u00e9 de vos villes et m\u00e9dias favoris en vous inscrivant \u00e0 <a href=\"https:\/\/moncompte.actu.fr\" title=\"D\u00e9couvez Mon Actu\" rel=\"nofollow noopener\" data-trk=\"{&quot;cta&quot;:{&quot;action&quot;:&quot;https:\\\/\\\/moncompte.actu.fr&quot;,&quot;category&quot;:&quot;mon compte&quot;,&quot;from&quot;:&quot;article footer&quot;,&quot;name&quot;:&quot;Mon actu&quot;,&quot;type&quot;:&quot;cta&quot;}}\" target=\"_blank\">Mon Actu<\/a>.<\/p>\n","protected":false},"excerpt":{"rendered":"Par R\u00e9daction Paris Publi\u00e9 le 12 avr. 2025 \u00e0 6h06 Il fallait profiter du soleil de ces derni\u00e8res&hellip;\n","protected":false},"author":2,"featured_media":19450,"comment_status":"","ping_status":"","sticky":false,"template":"","format":"standard","meta":{"footnotes":""},"categories":[1592],"tags":[1111,11,1777,674,1011,27,662,2487,2357,12,626,25],"class_list":{"0":"post-19449","1":"post","2":"type-post","3":"status-publish","4":"format-standard","5":"has-post-thumbnail","7":"category-ile-de-france","8":"tag-actu","9":"tag-actualites","10":"tag-eu","11":"tag-europe","12":"tag-fr","13":"tag-france","14":"tag-ile-de-france","15":"tag-meteo","16":"tag-meteo-france","17":"tag-news","18":"tag-paris","19":"tag-republique-francaise"},"share_on_mastodon":{"url":"https:\/\/pubeurope.com\/@fr\/114324099802768709","error":""},"_links":{"self":[{"href":"https:\/\/www.europesays.com\/fr\/wp-json\/wp\/v2\/posts\/19449","targetHints":{"allow":["GET"]}}],"collection":[{"href":"https:\/\/www.europesays.com\/fr\/wp-json\/wp\/v2\/posts"}],"about":[{"href":"https:\/\/www.europesays.com\/fr\/wp-json\/wp\/v2\/types\/post"}],"author":[{"embeddable":true,"href":"https:\/\/www.europesays.com\/fr\/wp-json\/wp\/v2\/users\/2"}],"replies":[{"embeddable":true,"href":"https:\/\/www.europesays.com\/fr\/wp-json\/wp\/v2\/comments?post=19449"}],"version-history":[{"count":0,"href":"https:\/\/www.europesays.com\/fr\/wp-json\/wp\/v2\/posts\/19449\/revisions"}],"wp:featuredmedia":[{"embeddable":true,"href":"https:\/\/www.europesays.com\/fr\/wp-json\/wp\/v2\/media\/19450"}],"wp:attachment":[{"href":"https:\/\/www.europesays.com\/fr\/wp-json\/wp\/v2\/media?parent=19449"}],"wp:term":[{"taxonomy":"category","embeddable":true,"href":"https:\/\/www.europesays.com\/fr\/wp-json\/wp\/v2\/categories?post=19449"},{"taxonomy":"post_tag","embeddable":true,"href":"https:\/\/www.europesays.com\/fr\/wp-json\/wp\/v2\/tags?post=19449"}],"curies":[{"name":"wp","href":"https:\/\/api.w.org\/{rel}","templated":true}]}}