{"id":194501,"date":"2025-06-21T22:57:22","date_gmt":"2025-06-21T22:57:22","guid":{"rendered":"https:\/\/www.europesays.com\/fr\/194501\/"},"modified":"2025-06-21T22:57:22","modified_gmt":"2025-06-21T22:57:22","slug":"alexandre-humbert-dupalais-sera-le-candidat-de-lunion-des-droites-soutenu-par-le-rn","status":"publish","type":"post","link":"https:\/\/www.europesays.com\/fr\/194501\/","title":{"rendered":"Alexandre Humbert Dupalais sera le candidat de l&rsquo;union des droites soutenu par le RN"},"content":{"rendered":"<p itemprop=\"description\"><strong>Lyon ne m\u00e9rite pas sa r\u00e9putation de ville d&rsquo;extr\u00eame-droite tant elle est un bastion \u00e9lectoral imprenable pour le Rassemblement national.<\/strong><\/p>\n<p>A tel point que le parti de Marine Le Pen vient d&rsquo;officialiser l&rsquo;absence de candidat de son parti au premier tour des \u00e9lections municipales 2026 entre Rh\u00f4ne et Sa\u00f4ne.<\/p>\n<p>Le RN a d\u00e9cid\u00e9 de soutenir plut\u00f4t Alexandre Humbert Dupalais, qui sera le candidat de l&rsquo;UDR, le parti d&rsquo;Eric Ciotti.<\/p>\n<p>\u00ab\u00a0Face \u00e0 l\u2019extr\u00eame gauche qui gangr\u00e8ne la ville et le bloc macroniste impuissant, Lyon est pr\u00eate pour une rupture \u00e0 droite dans l\u2019union !\u00a0\u00bb, se f\u00e9licite le d\u00e9put\u00e9 ni\u00e7ois sur ses r\u00e9seaux sociaux.<\/p>\n<blockquote class=\"twitter-tweet\"><p>&#13;<\/p>\n<p dir=\"ltr\" lang=\"fr\">\ud83c\uddeb\ud83c\uddf7 Alexandre Humbert Dupalais conduira la liste de l\u2019UDR avec nos alli\u00e9s du <a href=\"https:\/\/twitter.com\/RNational_off?ref_src=twsrc%5Etfw\" target=\"_blank\" rel=\"noopener\">@RNational_off<\/a> \u00e0 Lyon pour les \u00e9lections municipales de 2026 !<\/p>\n<p>Avec <a href=\"https:\/\/twitter.com\/eciotti?ref_src=twsrc%5Etfw\" target=\"_blank\" rel=\"noopener\">@eciotti<\/a>, l\u2019alliance des droites pour l\u2019alternance, seul vote utile face aux hypocrites qui s\u2019allient \u00e0 l\u2019extr\u00eame gauche et la\u2026 <a href=\"https:\/\/t.co\/VxgFi8y2lt\">pic.twitter.com\/VxgFi8y2lt<\/a><\/p>\n<p>&#13;<br \/>\n\u2014 UDR (@partiudr) <a href=\"https:\/\/twitter.com\/partiudr\/status\/1936090364080779572?ref_src=twsrc%5Etfw\" target=\"_blank\" rel=\"noopener\">June 20, 2025<\/a><\/p><\/blockquote>\n<p>Alexandre Humbert Dupalais est un avocat qui s&rsquo;\u00e9tait retrouv\u00e9 sur le devant de la sc\u00e8ne politique locale l&rsquo;\u00e9t\u00e9 dernier, puisqu&rsquo;il avait \u00e9t\u00e9 investi candidat de cette m\u00eame union des droites aux \u00e9lections l\u00e9gislatives anticip\u00e9es dans la 11e circonscription du Rh\u00f4ne, \u00e9chouant au second tour face au d\u00e9put\u00e9 macroniste sortant, <a href=\"https:\/\/www.lyonmag.com\/profil-personnalite-lyonnaise\/200\/jean-luc-fugit\" target=\"_blank\" rel=\"noopener\">Jean-Luc Fugit<\/a> (56,80% des voix contre 43,20%).<\/p>\n<p>Avec la possible absence de t\u00eate de liste LR si <a href=\"https:\/\/www.lyonmag.com\/profil-personnalite-lyonnaise\/512\/pierre-oliver\" target=\"_blank\" rel=\"noopener\">Pierre Oliver<\/a> venait \u00e0 se ranger derri\u00e8re <a href=\"https:\/\/www.lyonmag.com\/profil-personnalite-lyonnaise\/8\/jean-michel-aulas\" target=\"_blank\" rel=\"noopener\">Jean-Michel Aulas<\/a> la semaine prochaine, Alexandre Humbert Dupalais aura-t-il un coup \u00e0 jouer l&rsquo;an prochain ? Le candidat ne s&rsquo;y est d&rsquo;ailleurs pas tromp\u00e9 puisqu&rsquo;il multiplie depuis quelques semaines les tacles, aussi bien \u00e0 l&rsquo;ancien pr\u00e9sident de l&rsquo;OL qu&rsquo;au maire \u00e9cologiste de Lyon.<\/p>\n<p>\t\t  <script async src=\"https:\/\/platform.twitter.com\/widgets.js\" charset=\"utf-8\"><\/script><\/p>\n","protected":false},"excerpt":{"rendered":"Lyon ne m\u00e9rite pas sa r\u00e9putation de ville d&rsquo;extr\u00eame-droite tant elle est un bastion \u00e9lectoral imprenable pour le&hellip;\n","protected":false},"author":2,"featured_media":194502,"comment_status":"","ping_status":"","sticky":false,"template":"","format":"standard","meta":{"footnotes":""},"categories":[1889],"tags":[1111,11,2813,2190,2430,1109,251,1112,2811,1777,674,118,1011,27,1922,1110,1114,2428,2810,12,241,316,25,2812,517,800],"class_list":{"0":"post-194501","1":"post","2":"type-post","3":"status-publish","4":"format-standard","5":"has-post-thumbnail","7":"category-lyon","8":"tag-actu","9":"tag-actualites","10":"tag-article","11":"tag-asvel","12":"tag-auvergne-rhone-alpes","13":"tag-breves","14":"tag-culture","15":"tag-depeches","16":"tag-economique","17":"tag-eu","18":"tag-europe","19":"tag-faits-divers","20":"tag-fr","21":"tag-france","22":"tag-info","23":"tag-informations","24":"tag-infos","25":"tag-lyon","26":"tag-lyonmag","27":"tag-news","28":"tag-ol","29":"tag-politique","30":"tag-republique-francaise","31":"tag-sociale","32":"tag-sport","33":"tag-transports"},"share_on_mastodon":{"url":"https:\/\/pubeurope.com\/@fr\/114723831371056572","error":""},"_links":{"self":[{"href":"https:\/\/www.europesays.com\/fr\/wp-json\/wp\/v2\/posts\/194501","targetHints":{"allow":["GET"]}}],"collection":[{"href":"https:\/\/www.europesays.com\/fr\/wp-json\/wp\/v2\/posts"}],"about":[{"href":"https:\/\/www.europesays.com\/fr\/wp-json\/wp\/v2\/types\/post"}],"author":[{"embeddable":true,"href":"https:\/\/www.europesays.com\/fr\/wp-json\/wp\/v2\/users\/2"}],"replies":[{"embeddable":true,"href":"https:\/\/www.europesays.com\/fr\/wp-json\/wp\/v2\/comments?post=194501"}],"version-history":[{"count":0,"href":"https:\/\/www.europesays.com\/fr\/wp-json\/wp\/v2\/posts\/194501\/revisions"}],"wp:featuredmedia":[{"embeddable":true,"href":"https:\/\/www.europesays.com\/fr\/wp-json\/wp\/v2\/media\/194502"}],"wp:attachment":[{"href":"https:\/\/www.europesays.com\/fr\/wp-json\/wp\/v2\/media?parent=194501"}],"wp:term":[{"taxonomy":"category","embeddable":true,"href":"https:\/\/www.europesays.com\/fr\/wp-json\/wp\/v2\/categories?post=194501"},{"taxonomy":"post_tag","embeddable":true,"href":"https:\/\/www.europesays.com\/fr\/wp-json\/wp\/v2\/tags?post=194501"}],"curies":[{"name":"wp","href":"https:\/\/api.w.org\/{rel}","templated":true}]}}