{"id":194503,"date":"2025-06-21T22:58:13","date_gmt":"2025-06-21T22:58:13","guid":{"rendered":"https:\/\/www.europesays.com\/fr\/194503\/"},"modified":"2025-06-21T22:58:13","modified_gmt":"2025-06-21T22:58:13","slug":"les-vehicules-en-transit-sont-interdits-dans-le-centre-ville-de-lyon-journal-de-20-heures","status":"publish","type":"post","link":"https:\/\/www.europesays.com\/fr\/194503\/","title":{"rendered":"Les v\u00e9hicules en transit sont interdits dans le centre-ville de Lyon &#8211; Journal de 20 heures"},"content":{"rendered":"<p id=\"descriptionPanel\" aria-labelledby=\"descriptionArrow\" aria-expanded=\"false\" class=\"mr-2 line-clamp-2 pr-2.5 text-secondary overflow-visible\">\u00c0 Lyon, \u00e0 partir de ce samedi 21 juin, les v\u00e9hicules sont interdits d&rsquo;entrer dans l&rsquo;hyper-centre, sauf ceux qui ont une bonne raison d&rsquo;y circuler. L&rsquo;objectif est de limiter la pollution, mais difficile de s&rsquo;y retrouver dans les r\u00e8gles. Il s\u2019agit d\u2019une mesure mise en place par la mairie \u00e9cologiste qui ne pla\u00eet pas du tout aux commer\u00e7ants. Ces derniers soulignent l&rsquo;extr\u00eame complexit\u00e9 des nouvelles r\u00e8gles. La zone sera contr\u00f4l\u00e9e par des agents de la police municipale, et par vid\u00e9o-surveillance. <\/p>\n<p>TF1 | Reportage N. PELLERIN, C. JOUANNEAU <\/p>\n<p><a class=\"shrink-0\" href=\"https:\/\/www.tf1.fr\/tf1\/jt-20h\" target=\"_blank\" rel=\"noopener\"><img decoding=\"async\" src=\"https:\/\/www.europesays.com\/fr\/wp-content\/uploads\/2025\/04\/program-card-portrait-1-jt20h-btcb-f6f521-4e55c9-0@1x.jpg\" width=\"138\" height=\"184\" alt=\"\" loading=\"eager\" fetchpriority=\"auto\" class=\"aspect-[3\/4] h-24 w-auto rounded-3px\" aria-hidden=\"true\"\/><\/a><\/p>\n","protected":false},"excerpt":{"rendered":"\u00c0 Lyon, \u00e0 partir de ce samedi 21 juin, les v\u00e9hicules sont interdits d&rsquo;entrer dans l&rsquo;hyper-centre, sauf ceux&hellip;\n","protected":false},"author":2,"featured_media":194504,"comment_status":"","ping_status":"","sticky":false,"template":"","format":"standard","meta":{"footnotes":""},"categories":[1889],"tags":[1111,11,2430,1777,674,3483,3697,1011,27,3699,3698,2428,12,25,3701,3702,3700],"class_list":{"0":"post-194503","1":"post","2":"type-post","3":"status-publish","4":"format-standard","5":"has-post-thumbnail","7":"category-lyon","8":"tag-actu","9":"tag-actualites","10":"tag-auvergne-rhone-alpes","11":"tag-eu","12":"tag-europe","13":"tag-extrait","14":"tag-extrait-journal-de-20-heures","15":"tag-fr","16":"tag-france","17":"tag-journal-de-20-heures","18":"tag-journal-de-20-heures-extrait","19":"tag-lyon","20":"tag-news","21":"tag-republique-francaise","22":"tag-streaming-journal-de-20-heures","23":"tag-video-en-streaming-journal-de-20-heures","24":"tag-video-journal-de-20-heures"},"share_on_mastodon":{"url":"https:\/\/pubeurope.com\/@fr\/114723835321418435","error":""},"_links":{"self":[{"href":"https:\/\/www.europesays.com\/fr\/wp-json\/wp\/v2\/posts\/194503","targetHints":{"allow":["GET"]}}],"collection":[{"href":"https:\/\/www.europesays.com\/fr\/wp-json\/wp\/v2\/posts"}],"about":[{"href":"https:\/\/www.europesays.com\/fr\/wp-json\/wp\/v2\/types\/post"}],"author":[{"embeddable":true,"href":"https:\/\/www.europesays.com\/fr\/wp-json\/wp\/v2\/users\/2"}],"replies":[{"embeddable":true,"href":"https:\/\/www.europesays.com\/fr\/wp-json\/wp\/v2\/comments?post=194503"}],"version-history":[{"count":0,"href":"https:\/\/www.europesays.com\/fr\/wp-json\/wp\/v2\/posts\/194503\/revisions"}],"wp:featuredmedia":[{"embeddable":true,"href":"https:\/\/www.europesays.com\/fr\/wp-json\/wp\/v2\/media\/194504"}],"wp:attachment":[{"href":"https:\/\/www.europesays.com\/fr\/wp-json\/wp\/v2\/media?parent=194503"}],"wp:term":[{"taxonomy":"category","embeddable":true,"href":"https:\/\/www.europesays.com\/fr\/wp-json\/wp\/v2\/categories?post=194503"},{"taxonomy":"post_tag","embeddable":true,"href":"https:\/\/www.europesays.com\/fr\/wp-json\/wp\/v2\/tags?post=194503"}],"curies":[{"name":"wp","href":"https:\/\/api.w.org\/{rel}","templated":true}]}}