{"id":194509,"date":"2025-06-21T23:02:24","date_gmt":"2025-06-21T23:02:24","guid":{"rendered":"https:\/\/www.europesays.com\/fr\/194509\/"},"modified":"2025-06-21T23:02:24","modified_gmt":"2025-06-21T23:02:24","slug":"un-ancien-assistant-parlementaire-tente-de-se-suicider-au-siege-du-rn","status":"publish","type":"post","link":"https:\/\/www.europesays.com\/fr\/194509\/","title":{"rendered":"un ancien assistant parlementaire tente de se suicider au si\u00e8ge du RN"},"content":{"rendered":"<p>Les faits se sont d\u00e9roul\u00e9s alors que l\u2019homme se trouvait au si\u00e8ge du parti, rue Michel-Ange, dans le 16e arrondissement de Paris, ce samedi.<\/p>\n<p class=\"fig-paragraph\">Un ancien assistant parlementaire du\u00a0<a href=\"http:\/\/www.lefigaro.fr\/politique\/justice-des-mineurs-le-rn-fustige-la-decision-du-conseil-constitutionnel-20250620\" data-fig-type=\"NewsFlash\" data-gtm-custom-categorie=\"navigation\" data-gtm-custom-action=\"crossclick\" data-gtm-custom-label=\"Contextuel\" data-gtm-event=\"customEventSPE\" data-fig-domain=\"LEFIGARO\" target=\"_blank\" rel=\"noopener\">Rassemblement national<\/a>\u00a0(RN) a tent\u00e9 de mettre fin \u00e0 ses jours ce samedi 21 juin \u00e0 Paris, a appris Le Figaro de sources proches du parti, confirmant des informations de\u00a0<a href=\"https:\/\/www.parismatch.com\/actu\/politique\/info-paris-match-paris-tentative-de-suicide-au-siege-du-rassemblement-national-253104\" target=\"_blank\" rel=\"nofollow noopener\" data-gtm-custom-categorie=\"navigation\" data-gtm-custom-action=\"crossclick\" data-gtm-custom-label=\"Contextuel\" data-gtm-event=\"customEventSPE\">Paris Match<\/a> . D\u2019apr\u00e8s nos confr\u00e8res, cet employ\u00e9, qui occupait un poste de standardiste, aurait utilis\u00e9 un pistolet d\u2019abattage pour tenter de se suicider.<\/p>\n<p class=\"fig-paragraph\">Les faits se sont d\u00e9roul\u00e9s dans l\u2019apr\u00e8s-midi, alors que cet ancien assistant parlementaire de Louis Aliot se trouvait au si\u00e8ge du Rassemblement national, rue Michel-Ange, dans le 16e arrondissement de Paris. D\u2019apr\u00e8s Victor Chabert, conseiller de\u00a0<a href=\"http:\/\/www.lefigaro.fr\/politique\/marine-le-pen-et-jordan-bardella-veulent-laisser-les-turbulences-derriere-eux-20250620\" data-fig-type=\"Article\" data-gtm-custom-categorie=\"navigation\" data-gtm-custom-action=\"crossclick\" data-gtm-custom-label=\"Contextuel\" data-gtm-event=\"customEventSPE\" data-fig-domain=\"LEFIGARO\" target=\"_blank\" rel=\"noopener\">Jordan Bardella<\/a>, son geste rel\u00e8verait du \u00abmotif personnel\u00bb, et serait \u00aben lien avec une relation amoureuse\u00bb. D\u2019apr\u00e8s l\u2019AFP, l\u2019homme avait \u00ab\u00e9crit \u00e0 des proches\u00bb en ce sens.<\/p>\n<p class=\"fig-paragraph\">Toujours selon nos confr\u00e8res, Laurent Salles fait partie des 24 copr\u00e9venus du proc\u00e8s des assistants parlementaires RN. Il a \u00e9t\u00e9 condamn\u00e9 \u00e0 six mois de prison avec sursis. Auparavant employ\u00e9 du parti, il avait \u00e9t\u00e9 embauch\u00e9 en juillet 2014 par l\u2019actuel num\u00e9ro 2 du Rassemblement national Louis Aliot, sans m\u00eame passer d\u2019entretien. L\u2019enqu\u00eate, r\u00e9sum\u00e9e par le tribunal, n\u2019a montr\u00e9 \u00abaucune trace\u00bb d\u2019un quelconque travail de Laurent Salles pour Louis Aliot et relev\u00e9 un \u00abunique SMS\u00bb \u00e9chang\u00e9 en huit mois entre les deux hommes.<\/p>\n<p class=\"fig-paragraph\">Tout laisse \u00e0 penser en fait, selon l\u2019accusation, que Laurent Salles travaillait en r\u00e9alit\u00e9 pour Yann Le Pen (s\u0153ur de Marine Le Pen), \u00e0 l\u2019organisation des grands \u00e9v\u00e8nements du parti. Durant le proc\u00e8s, M. Salles avait souhait\u00e9 exercer son droit au silence.<\/p>\n","protected":false},"excerpt":{"rendered":"Les faits se sont d\u00e9roul\u00e9s alors que l\u2019homme se trouvait au si\u00e8ge du parti, rue Michel-Ange, dans le&hellip;\n","protected":false},"author":2,"featured_media":194510,"comment_status":"","ping_status":"","sticky":false,"template":"","format":"standard","meta":{"footnotes":""},"categories":[1888],"tags":[119,1111,1928,11,1927,3694,271,2951,3695,1777,674,3696,118,1011,27,2825,1253,303,12,1926,626,1925,1072,2694,25,2848,2949],"class_list":{"0":"post-194509","1":"post","2":"type-post","3":"status-publish","4":"format-standard","5":"has-post-thumbnail","7":"category-paris","8":"tag-accident","9":"tag-actu","10":"tag-actu-paris","11":"tag-actualites","12":"tag-actualites-paris","13":"tag-affaires","14":"tag-crime","15":"tag-criminalite","16":"tag-enquetes","17":"tag-eu","18":"tag-europe","19":"tag-evenements","20":"tag-faits-divers","21":"tag-fr","22":"tag-france","23":"tag-insecurite","24":"tag-islamisme","25":"tag-justice","26":"tag-news","27":"tag-news-paris","28":"tag-paris","29":"tag-paris-news","30":"tag-police","31":"tag-proces","32":"tag-republique-francaise","33":"tag-rn","34":"tag-violences"},"share_on_mastodon":{"url":"https:\/\/pubeurope.com\/@fr\/114723851052656384","error":""},"_links":{"self":[{"href":"https:\/\/www.europesays.com\/fr\/wp-json\/wp\/v2\/posts\/194509","targetHints":{"allow":["GET"]}}],"collection":[{"href":"https:\/\/www.europesays.com\/fr\/wp-json\/wp\/v2\/posts"}],"about":[{"href":"https:\/\/www.europesays.com\/fr\/wp-json\/wp\/v2\/types\/post"}],"author":[{"embeddable":true,"href":"https:\/\/www.europesays.com\/fr\/wp-json\/wp\/v2\/users\/2"}],"replies":[{"embeddable":true,"href":"https:\/\/www.europesays.com\/fr\/wp-json\/wp\/v2\/comments?post=194509"}],"version-history":[{"count":0,"href":"https:\/\/www.europesays.com\/fr\/wp-json\/wp\/v2\/posts\/194509\/revisions"}],"wp:featuredmedia":[{"embeddable":true,"href":"https:\/\/www.europesays.com\/fr\/wp-json\/wp\/v2\/media\/194510"}],"wp:attachment":[{"href":"https:\/\/www.europesays.com\/fr\/wp-json\/wp\/v2\/media?parent=194509"}],"wp:term":[{"taxonomy":"category","embeddable":true,"href":"https:\/\/www.europesays.com\/fr\/wp-json\/wp\/v2\/categories?post=194509"},{"taxonomy":"post_tag","embeddable":true,"href":"https:\/\/www.europesays.com\/fr\/wp-json\/wp\/v2\/tags?post=194509"}],"curies":[{"name":"wp","href":"https:\/\/api.w.org\/{rel}","templated":true}]}}