{"id":194522,"date":"2025-06-21T23:09:09","date_gmt":"2025-06-21T23:09:09","guid":{"rendered":"https:\/\/www.europesays.com\/fr\/194522\/"},"modified":"2025-06-21T23:09:09","modified_gmt":"2025-06-21T23:09:09","slug":"lallemagne-de-brunner-en-demi-finale-de-leuro-u19","status":"publish","type":"post","link":"https:\/\/www.europesays.com\/fr\/194522\/","title":{"rendered":"L\u2019Allemagne de Brunner en demi-finale de l\u2019Euro U19"},"content":{"rendered":"<p>Paris Brunner et l\u2019Allemagne se sont qualifi\u00e9s pour les demi-finales de l\u2019Euro U19. Dans une position d\u00e9licate avant le dernier match de la phase de groupes, les Allemands ont finalement r\u00e9ussi \u00e0 s\u2019en sortir gr\u00e2ce \u00e0 leur premier succ\u00e8s dans la comp\u00e9tition, contre la Norv\u00e8ge (2-1). Une rencontre que Paris Brunner a disput\u00e9e dans son int\u00e9gralit\u00e9, comme les deux pr\u00e9c\u00e9dentes, m\u00eame si le compteur de l\u2019attaquant de l\u2019AS Monaco reste bloqu\u00e9 \u00e0 z\u00e9ro.<\/p>\n<p>La g\u00e9n\u00e9ration 2006 de la Mannschaft, championne du monde et d\u2019Europe U17, \u00e9vite donc la correctionnelle et passe par un trou de souris gr\u00e2ce \u00e0 la d\u00e9faite de l\u2019Angleterre contre les Pays-Bas dans l\u2019autre rencontre du groupe. Brunner et ses compatriotes affronteront l\u2019Espagne en demi-finale, lundi (17h).<\/p>\n","protected":false},"excerpt":{"rendered":"Paris Brunner et l\u2019Allemagne se sont qualifi\u00e9s pour les demi-finales de l\u2019Euro U19. Dans une position d\u00e9licate avant&hellip;\n","protected":false},"author":2,"featured_media":194523,"comment_status":"","ping_status":"","sticky":false,"template":"","format":"standard","meta":{"footnotes":""},"categories":[1587],"tags":[11,672,1804,1805,1803,1777,674,1801,12,1802],"class_list":{"0":"post-194522","1":"post","2":"type-post","3":"status-publish","4":"format-standard","5":"has-post-thumbnail","7":"category-allemagne","8":"tag-actualites","9":"tag-allemagne","10":"tag-bundesrepublik-deutschland","11":"tag-de","12":"tag-deutschland","13":"tag-eu","14":"tag-europe","15":"tag-germany","16":"tag-news","17":"tag-republique-federale-dallemagne"},"share_on_mastodon":{"url":"https:\/\/pubeurope.com\/@fr\/114723878928287088","error":""},"_links":{"self":[{"href":"https:\/\/www.europesays.com\/fr\/wp-json\/wp\/v2\/posts\/194522","targetHints":{"allow":["GET"]}}],"collection":[{"href":"https:\/\/www.europesays.com\/fr\/wp-json\/wp\/v2\/posts"}],"about":[{"href":"https:\/\/www.europesays.com\/fr\/wp-json\/wp\/v2\/types\/post"}],"author":[{"embeddable":true,"href":"https:\/\/www.europesays.com\/fr\/wp-json\/wp\/v2\/users\/2"}],"replies":[{"embeddable":true,"href":"https:\/\/www.europesays.com\/fr\/wp-json\/wp\/v2\/comments?post=194522"}],"version-history":[{"count":0,"href":"https:\/\/www.europesays.com\/fr\/wp-json\/wp\/v2\/posts\/194522\/revisions"}],"wp:featuredmedia":[{"embeddable":true,"href":"https:\/\/www.europesays.com\/fr\/wp-json\/wp\/v2\/media\/194523"}],"wp:attachment":[{"href":"https:\/\/www.europesays.com\/fr\/wp-json\/wp\/v2\/media?parent=194522"}],"wp:term":[{"taxonomy":"category","embeddable":true,"href":"https:\/\/www.europesays.com\/fr\/wp-json\/wp\/v2\/categories?post=194522"},{"taxonomy":"post_tag","embeddable":true,"href":"https:\/\/www.europesays.com\/fr\/wp-json\/wp\/v2\/tags?post=194522"}],"curies":[{"name":"wp","href":"https:\/\/api.w.org\/{rel}","templated":true}]}}