{"id":194532,"date":"2025-06-21T23:14:13","date_gmt":"2025-06-21T23:14:13","guid":{"rendered":"https:\/\/www.europesays.com\/fr\/194532\/"},"modified":"2025-06-21T23:14:13","modified_gmt":"2025-06-21T23:14:13","slug":"la-france-enchaine-avec-un-nouveau-succes-face-a-la-serbie","status":"publish","type":"post","link":"https:\/\/www.europesays.com\/fr\/194532\/","title":{"rendered":"la France encha\u00eene avec un nouveau succ\u00e8s face \u00e0 la Serbie"},"content":{"rendered":"<p><strong>Serbie\u00a0&#8211; France\u00a0: 2-3<\/strong><\/p>\n<p>Vingt-quatre heures apr\u00e8s s\u2019\u00eatre offert pour la premi\u00e8re fois de leur histoire <a target=\"_self\" href=\"https:\/\/www.lanouvellerepublique.fr\/sports\/vnl-pour-les-bleues-debut-de-la-saison-2-1748962800\" rel=\"noopener\">le scalp des Pays-Bas<\/a>, les Fran\u00e7aises ont battu, samedi 21\u00a0juin 2025, la Serbie chez elle, lors de la deuxi\u00e8me \u00e9tape de la Ligue des nations.<\/p>\n<p>La Serbie qui, faut-il le rappeler, est une nation majeure du volley-ball, double championne du monde (2018, 2022). Alors, certes, la s\u00e9lection serbe est diminu\u00e9e et passe pour le moment \u00e0 c\u00f4t\u00e9 de la VNL, avec sept revers en autant de rencontres disput\u00e9es, mais ce succ\u00e8s reste une \u00e9tape de plus pour des Fran\u00e7aises qui ne cessent de grimper dans la hi\u00e9rarchie mondiale.<\/p>\n<p>Cinq sets, et beaucoup de suspense<\/p>\n<p>Cette rencontre aura \u00e9t\u00e9 marqu\u00e9e du sceau du suspense puisque les deux \u00e9quipes ont eu chacune leurs temps forts. Mais les Bleues ont fini par s\u2019imposer en cinq manches\u00a0: 21-25, 25-16, 16-25, 25-15, 15-13.<\/p>\n<p>De retour lors de cette semaine belgradoise, les cadres tricolores ont encore pes\u00e9 de toute leur exp\u00e9rience, \u00e0 l\u2019image de leur capitaine H\u00e9l\u00e9na Cazaute (25 points) et de la pointue Iman Ndiaye (21 points). Et c\u2019est dans leur sillage que les Bleues sont all\u00e9es d\u00e9crocher un tie-break o\u00f9 elles auront compt\u00e9 trois balles de match mais qu\u2019elles auront finalement remport\u00e9 15-13.<\/p>\n<p>Avec ce troisi\u00e8me succ\u00e8s engrang\u00e9 depuis le d\u00e9but de cette Ligue des nations, l\u2019\u00e9quipe de France remonte \u00e0 la 9e place. Et ceci avant un autre d\u00e9fi, ce dimanche 22\u00a0juin (16\u00a0h\u00a030)\u00a0: les \u00c9tats-Unis, actuellement\u2026 10es de la VNL.<\/p>\n","protected":false},"excerpt":{"rendered":"Serbie\u00a0&#8211; France\u00a0: 2-3 Vingt-quatre heures apr\u00e8s s\u2019\u00eatre offert pour la premi\u00e8re fois de leur histoire le scalp des&hellip;\n","protected":false},"author":2,"featured_media":194533,"comment_status":"","ping_status":"","sticky":false,"template":"","format":"standard","meta":{"footnotes":""},"categories":[4],"tags":[11,24849,1011,27,74,12,25,60,1470],"class_list":{"0":"post-194532","1":"post","2":"type-post","3":"status-publish","4":"format-standard","5":"has-post-thumbnail","7":"category-france","8":"tag-actualites","9":"tag-equipe-de-france-volley","10":"tag-fr","11":"tag-france","12":"tag-monde","13":"tag-news","14":"tag-republique-francaise","15":"tag-sports","16":"tag-volley"},"share_on_mastodon":{"url":"https:\/\/pubeurope.com\/@fr\/114723898208102226","error":""},"_links":{"self":[{"href":"https:\/\/www.europesays.com\/fr\/wp-json\/wp\/v2\/posts\/194532","targetHints":{"allow":["GET"]}}],"collection":[{"href":"https:\/\/www.europesays.com\/fr\/wp-json\/wp\/v2\/posts"}],"about":[{"href":"https:\/\/www.europesays.com\/fr\/wp-json\/wp\/v2\/types\/post"}],"author":[{"embeddable":true,"href":"https:\/\/www.europesays.com\/fr\/wp-json\/wp\/v2\/users\/2"}],"replies":[{"embeddable":true,"href":"https:\/\/www.europesays.com\/fr\/wp-json\/wp\/v2\/comments?post=194532"}],"version-history":[{"count":0,"href":"https:\/\/www.europesays.com\/fr\/wp-json\/wp\/v2\/posts\/194532\/revisions"}],"wp:featuredmedia":[{"embeddable":true,"href":"https:\/\/www.europesays.com\/fr\/wp-json\/wp\/v2\/media\/194533"}],"wp:attachment":[{"href":"https:\/\/www.europesays.com\/fr\/wp-json\/wp\/v2\/media?parent=194532"}],"wp:term":[{"taxonomy":"category","embeddable":true,"href":"https:\/\/www.europesays.com\/fr\/wp-json\/wp\/v2\/categories?post=194532"},{"taxonomy":"post_tag","embeddable":true,"href":"https:\/\/www.europesays.com\/fr\/wp-json\/wp\/v2\/tags?post=194532"}],"curies":[{"name":"wp","href":"https:\/\/api.w.org\/{rel}","templated":true}]}}